{"id":326035,"date":"2025-07-21T11:25:28","date_gmt":"2025-07-21T08:25:28","guid":{"rendered":"https:\/\/sana.sy\/tr\/?p=326035"},"modified":"2025-07-21T14:53:45","modified_gmt":"2025-07-21T11:53:45","slug":"suriye-sivil-havacilik-otoritesi-sam-uluslararasi-havalimaninin-kapatildigi-iddialarini-yalanladi","status":"publish","type":"post","link":"https:\/\/archive.sana.sy\/tr\/?p=326035","title":{"rendered":"Suriye Sivil Havac\u0131l\u0131k Otoritesi, \u015eam Uluslararas\u0131 Havaliman\u0131&#8217;n\u0131n Kapat\u0131ld\u0131\u011f\u0131 \u0130ddialar\u0131n\u0131 Yalanlad\u0131"},"content":{"rendered":"<p style=\"text-align: justify;\"><span style=\"color: #ff0000;\"><strong>\u015eAM (SANA) &#8211;<\/strong><\/span> Suriye Sivil Havac\u0131l\u0131k Otoritesi, \u015eam Uluslararas\u0131 Havaliman\u0131&#8217;n\u0131n kapat\u0131laca\u011f\u0131na dair \u00e7\u0131kan haberleri kesin bir dille yalanlad\u0131.<\/p>\n<p style=\"text-align: justify;\"><img loading=\"lazy\" decoding=\"async\" class=\"size-medium wp-image-326036 alignright\" src=\"http:\/\/sana.sy\/tr\/wp-content\/uploads\/2025\/07\/3-16-300x200.jpg\" alt=\"\" width=\"300\" height=\"200\" srcset=\"https:\/\/archive.sana.sy\/tr\/wp-content\/uploads\/2025\/07\/3-16-300x200.jpg 300w, https:\/\/archive.sana.sy\/tr\/wp-content\/uploads\/2025\/07\/3-16.jpg 660w\" sizes=\"auto, (max-width: 300px) 100vw, 300px\" \/>SANA&#8217;ya a\u00e7\u0131klamada bulunan Otorite Ba\u015fkan Yard\u0131mc\u0131s\u0131 Emced Nahhal, havaliman\u0131n\u0131n her zamanki gibi normal bir \u015fekilde faaliyet g\u00f6sterdi\u011fini, tarifeli u\u00e7u\u015flar\u0131n herhangi bir iptal, de\u011fi\u015fiklik veya erteleme olmaks\u0131z\u0131n devam etti\u011fini ve gelen ve giden yolcu ak\u0131\u015f\u0131n\u0131n normal bir \u015fekilde devam etti\u011fini belirtti.<\/p>\n<p style=\"text-align: justify;\">Nahhal ayr\u0131ca, d\u00fcn havaliman\u0131na \u00e7e\u015fitli destinasyonlardan 28 u\u00e7u\u015f geldi\u011fini, bug\u00fcn ise 29 u\u00e7u\u015f daha almaya haz\u0131rland\u0131klar\u0131n\u0131 kaydetti.<\/p>\n<p style=\"text-align: justify;\">Nahhal, havaliman\u0131n\u0131n kapat\u0131lmas\u0131na ili\u015fkin dola\u015fan t\u00fcm haberlerin tamamen as\u0131ls\u0131z oldu\u011funu vurgulayarak, medyay\u0131 do\u011fru bilgi vermeye ve resmi kaynaklardan bilgi almaya da \u00e7a\u011f\u0131rd\u0131.<\/p>\n","protected":false},"excerpt":{"rendered":"<p>\u015eAM (SANA) &#8211; Suriye Sivil Havac\u0131l\u0131k Otoritesi, \u015eam Uluslararas\u0131 Havaliman\u0131&#8217;n\u0131n kapat\u0131laca\u011f\u0131na dair \u00e7\u0131kan haberleri kesin bir dille yalanlad\u0131. SANA&#8217;ya a\u00e7\u0131klamada bulunan Otorite Ba\u015fkan Yard\u0131mc\u0131s\u0131 Emced Nahhal, havaliman\u0131n\u0131n her zamanki gibi normal bir \u015fekilde faaliyet g\u00f6sterdi\u011fini, tarifeli u\u00e7u\u015flar\u0131n herhangi bir iptal, de\u011fi\u015fiklik veya erteleme olmaks\u0131z\u0131n devam etti\u011fini ve gelen ve giden yolcu ak\u0131\u015f\u0131n\u0131n normal bir \u015fekilde &hellip;<\/p>\n","protected":false},"author":36,"featured_media":326037,"comment_status":"closed","ping_status":"closed","sticky":false,"template":"","format":"standard","meta":{"footnotes":""},"categories":[589,479,17988,478],"tags":[],"class_list":["post-326035","post","type-post","status-publish","format-standard","has-post-thumbnail","","category-haber-seridi","category-haberler-yerel","category-son-haberler","category-yerel"],"_links":{"self":[{"href":"https:\/\/archive.sana.sy\/tr\/index.php?rest_route=\/wp\/v2\/posts\/326035","targetHints":{"allow":["GET"]}}],"collection":[{"href":"https:\/\/archive.sana.sy\/tr\/index.php?rest_route=\/wp\/v2\/posts"}],"about":[{"href":"https:\/\/archive.sana.sy\/tr\/index.php?rest_route=\/wp\/v2\/types\/post"}],"author":[{"embeddable":true,"href":"https:\/\/archive.sana.sy\/tr\/index.php?rest_route=\/wp\/v2\/users\/36"}],"replies":[{"embeddable":true,"href":"https:\/\/archive.sana.sy\/tr\/index.php?rest_route=%2Fwp%2Fv2%2Fcomments&post=326035"}],"version-history":[{"count":2,"href":"https:\/\/archive.sana.sy\/tr\/index.php?rest_route=\/wp\/v2\/posts\/326035\/revisions"}],"predecessor-version":[{"id":326065,"href":"https:\/\/archive.sana.sy\/tr\/index.php?rest_route=\/wp\/v2\/posts\/326035\/revisions\/326065"}],"wp:featuredmedia":[{"embeddable":true,"href":"https:\/\/archive.sana.sy\/tr\/index.php?rest_route=\/wp\/v2\/media\/326037"}],"wp:attachment":[{"href":"https:\/\/archive.sana.sy\/tr\/index.php?rest_route=%2Fwp%2Fv2%2Fmedia&parent=326035"}],"wp:term":[{"taxonomy":"category","embeddable":true,"href":"https:\/\/archive.sana.sy\/tr\/index.php?rest_route=%2Fwp%2Fv2%2Fcategories&post=326035"},{"taxonomy":"post_tag","embeddable":true,"href":"https:\/\/archive.sana.sy\/tr\/index.php?rest_route=%2Fwp%2Fv2%2Ftags&post=326035"}],"curies":[{"name":"wp","href":"https:\/\/api.w.org\/{rel}","templated":true}]}}