{"id":326041,"date":"2025-07-21T12:04:05","date_gmt":"2025-07-21T09:04:05","guid":{"rendered":"https:\/\/sana.sy\/tr\/?p=326041"},"modified":"2025-07-21T12:04:05","modified_gmt":"2025-07-21T09:04:05","slug":"sam-ve-sam-kirsali-vilayetleri-arasinda-buyuk-samin-planlama-durumunu-gorusmek-uzere-teknik-calisma-toplantisi","status":"publish","type":"post","link":"https:\/\/archive.sana.sy\/tr\/?p=326041","title":{"rendered":"\u015eam ve \u015eam k\u0131rsal\u0131 vilayetleri Aras\u0131nda B\u00fcy\u00fck \u015eam&#8217;\u0131n Planlama Durumunu G\u00f6r\u00fc\u015fmek \u00dczere Teknik \u00c7al\u0131\u015fma Toplant\u0131s\u0131"},"content":{"rendered":"<p style=\"text-align: justify;\"><span style=\"color: #ff0000;\"><strong>\u015eAM (SANA) &#8211;<\/strong><\/span>\u00a0 \u015eam Valisi Maher Mervan \u0130dlibi ve \u015eam K\u0131rsal Valisi Emir El \u015eeyh&#8217;in huzurunda, kamu otoritelerinden uzman ve m\u00fctehass\u0131slar\u0131n kat\u0131l\u0131m\u0131yla, iki vilayet aras\u0131nda B\u00fcy\u00fck \u015eam&#8217;\u0131n planlama ger\u00e7ekli\u011fini, &#8220;vizyonunu ve genel imaj\u0131n\u0131&#8221; sunmak ve tart\u0131\u015fmak \u00fczere bug\u00fcn ortak teknik \u00e7al\u0131\u015fma toplant\u0131s\u0131 ba\u015flad\u0131.<\/p>\n<p style=\"text-align: justify;\">Toplant\u0131, \u015eam&#8217;daki \u015eam Oteli&#8217;nde ger\u00e7ekle\u015ftirildi.<\/p>\n<div id='gallery-1' class='gallery galleryid-326041 gallery-columns-2 gallery-size-full'><figure class='gallery-item'>\n\t\t\t<div class='gallery-icon landscape'>\n\t\t\t\t<a href='https:\/\/archive.sana.sy\/tr\/wp-content\/uploads\/2025\/07\/photo_2025-07-21_11-58-18.jpg'><img loading=\"lazy\" decoding=\"async\" width=\"1280\" height=\"963\" src=\"https:\/\/archive.sana.sy\/tr\/wp-content\/uploads\/2025\/07\/photo_2025-07-21_11-58-18.jpg\" class=\"attachment-full size-full\" alt=\"\" srcset=\"https:\/\/archive.sana.sy\/tr\/wp-content\/uploads\/2025\/07\/photo_2025-07-21_11-58-18.jpg 1280w, https:\/\/archive.sana.sy\/tr\/wp-content\/uploads\/2025\/07\/photo_2025-07-21_11-58-18-300x226.jpg 300w, https:\/\/archive.sana.sy\/tr\/wp-content\/uploads\/2025\/07\/photo_2025-07-21_11-58-18-1024x770.jpg 1024w, https:\/\/archive.sana.sy\/tr\/wp-content\/uploads\/2025\/07\/photo_2025-07-21_11-58-18-768x578.jpg 768w\" sizes=\"auto, (max-width: 1280px) 100vw, 1280px\" \/><\/a>\n\t\t\t<\/div><\/figure><figure class='gallery-item'>\n\t\t\t<div class='gallery-icon landscape'>\n\t\t\t\t<a href='https:\/\/archive.sana.sy\/tr\/wp-content\/uploads\/2025\/07\/photo_2025-07-21_11-58-20.jpg'><img loading=\"lazy\" decoding=\"async\" width=\"1176\" height=\"784\" src=\"https:\/\/archive.sana.sy\/tr\/wp-content\/uploads\/2025\/07\/photo_2025-07-21_11-58-20.jpg\" class=\"attachment-full size-full\" alt=\"\" srcset=\"https:\/\/archive.sana.sy\/tr\/wp-content\/uploads\/2025\/07\/photo_2025-07-21_11-58-20.jpg 1176w, https:\/\/archive.sana.sy\/tr\/wp-content\/uploads\/2025\/07\/photo_2025-07-21_11-58-20-300x200.jpg 300w, https:\/\/archive.sana.sy\/tr\/wp-content\/uploads\/2025\/07\/photo_2025-07-21_11-58-20-1024x683.jpg 1024w, https:\/\/archive.sana.sy\/tr\/wp-content\/uploads\/2025\/07\/photo_2025-07-21_11-58-20-768x512.jpg 768w\" sizes=\"auto, (max-width: 1176px) 100vw, 1176px\" \/><\/a>\n\t\t\t<\/div><\/figure>\n\t\t<\/div>\n\n","protected":false},"excerpt":{"rendered":"<p>\u015eAM (SANA) &#8211;\u00a0 \u015eam Valisi Maher Mervan \u0130dlibi ve \u015eam K\u0131rsal Valisi Emir El \u015eeyh&#8217;in huzurunda, kamu otoritelerinden uzman ve m\u00fctehass\u0131slar\u0131n kat\u0131l\u0131m\u0131yla, iki vilayet aras\u0131nda B\u00fcy\u00fck \u015eam&#8217;\u0131n planlama ger\u00e7ekli\u011fini, &#8220;vizyonunu ve genel imaj\u0131n\u0131&#8221; sunmak ve tart\u0131\u015fmak \u00fczere bug\u00fcn ortak teknik \u00e7al\u0131\u015fma toplant\u0131s\u0131 ba\u015flad\u0131. Toplant\u0131, \u015eam&#8217;daki \u015eam Oteli&#8217;nde ger\u00e7ekle\u015ftirildi.<\/p>\n","protected":false},"author":36,"featured_media":326044,"comment_status":"closed","ping_status":"closed","sticky":false,"template":"","format":"standard","meta":{"footnotes":""},"categories":[589,479,17988,478],"tags":[],"class_list":["post-326041","post","type-post","status-publish","format-standard","has-post-thumbnail","","category-haber-seridi","category-haberler-yerel","category-son-haberler","category-yerel"],"_links":{"self":[{"href":"https:\/\/archive.sana.sy\/tr\/index.php?rest_route=\/wp\/v2\/posts\/326041","targetHints":{"allow":["GET"]}}],"collection":[{"href":"https:\/\/archive.sana.sy\/tr\/index.php?rest_route=\/wp\/v2\/posts"}],"about":[{"href":"https:\/\/archive.sana.sy\/tr\/index.php?rest_route=\/wp\/v2\/types\/post"}],"author":[{"embeddable":true,"href":"https:\/\/archive.sana.sy\/tr\/index.php?rest_route=\/wp\/v2\/users\/36"}],"replies":[{"embeddable":true,"href":"https:\/\/archive.sana.sy\/tr\/index.php?rest_route=%2Fwp%2Fv2%2Fcomments&post=326041"}],"version-history":[{"count":1,"href":"https:\/\/archive.sana.sy\/tr\/index.php?rest_route=\/wp\/v2\/posts\/326041\/revisions"}],"predecessor-version":[{"id":326045,"href":"https:\/\/archive.sana.sy\/tr\/index.php?rest_route=\/wp\/v2\/posts\/326041\/revisions\/326045"}],"wp:featuredmedia":[{"embeddable":true,"href":"https:\/\/archive.sana.sy\/tr\/index.php?rest_route=\/wp\/v2\/media\/326044"}],"wp:attachment":[{"href":"https:\/\/archive.sana.sy\/tr\/index.php?rest_route=%2Fwp%2Fv2%2Fmedia&parent=326041"}],"wp:term":[{"taxonomy":"category","embeddable":true,"href":"https:\/\/archive.sana.sy\/tr\/index.php?rest_route=%2Fwp%2Fv2%2Fcategories&post=326041"},{"taxonomy":"post_tag","embeddable":true,"href":"https:\/\/archive.sana.sy\/tr\/index.php?rest_route=%2Fwp%2Fv2%2Ftags&post=326041"}],"curies":[{"name":"wp","href":"https:\/\/api.w.org\/{rel}","templated":true}]}}