{"id":326052,"date":"2025-07-21T13:54:55","date_gmt":"2025-07-21T10:54:55","guid":{"rendered":"https:\/\/sana.sy\/tr\/?p=326052"},"modified":"2025-08-18T11:28:44","modified_gmt":"2025-08-18T08:28:44","slug":"onmacht-suveyda-sehrine-ulastirilan-insani-yardimlari-memnuniyetle-karsiladi","status":"publish","type":"post","link":"https:\/\/archive.sana.sy\/tr\/?p=326052","title":{"rendered":"Unmacht, S\u00fcveyda \u015eehrine Ula\u015ft\u0131r\u0131lan \u0130nsani Yard\u0131mlar\u0131 Memnuniyetle Kar\u015f\u0131lad\u0131"},"content":{"rendered":"<p style=\"text-align: justify;\"><span style=\"color: #ff0000;\"><strong>BR\u00dcKSEL (SANA) &#8211;<\/strong><\/span> Avrupa Birli\u011fi Suriye Delegasyonu Maslahatg\u00fczar\u0131 Michael Unmacht, Suriye Arap K\u0131z\u0131lay\u0131 taraf\u0131ndan S\u00fcveyda kentine ula\u015ft\u0131r\u0131lan ilk insani yard\u0131m paketinin tesliminden duydu\u011fu memnuniyeti dile getirdi.<\/p>\n<p style=\"text-align: justify;\">Unmacht, X platformunda payla\u015ft\u0131\u011f\u0131 tweette, yard\u0131m giri\u015fini &#8220;acil ihtiya\u00e7lar\u0131 kar\u015f\u0131lamak i\u00e7in gerekli bir ad\u0131m ve daha fazla insani yard\u0131m\u0131n ihtiya\u00e7 sahiplerine ula\u015fmas\u0131 \u015fart&#8221; olarak nitelendirdi.<\/p>\n","protected":false},"excerpt":{"rendered":"<p>BR\u00dcKSEL (SANA) &#8211; Avrupa Birli\u011fi Suriye Delegasyonu Maslahatg\u00fczar\u0131 Michael Unmacht, Suriye Arap K\u0131z\u0131lay\u0131 taraf\u0131ndan S\u00fcveyda kentine ula\u015ft\u0131r\u0131lan ilk insani yard\u0131m paketinin tesliminden duydu\u011fu memnuniyeti dile getirdi. Unmacht, X platformunda payla\u015ft\u0131\u011f\u0131 tweette, yard\u0131m giri\u015fini &#8220;acil ihtiya\u00e7lar\u0131 kar\u015f\u0131lamak i\u00e7in gerekli bir ad\u0131m ve daha fazla insani yard\u0131m\u0131n ihtiya\u00e7 sahiplerine ula\u015fmas\u0131 \u015fart&#8221; olarak nitelendirdi.<\/p>\n","protected":false},"author":36,"featured_media":326053,"comment_status":"closed","ping_status":"closed","sticky":false,"template":"","format":"standard","meta":{"footnotes":""},"categories":[458,589,459,17988],"tags":[],"class_list":["post-326052","post","type-post","status-publish","format-standard","has-post-thumbnail","","category-dunya1","category-haber-seridi","category-haberler-arap-uluslararasi-politika","category-son-haberler"],"_links":{"self":[{"href":"https:\/\/archive.sana.sy\/tr\/index.php?rest_route=\/wp\/v2\/posts\/326052","targetHints":{"allow":["GET"]}}],"collection":[{"href":"https:\/\/archive.sana.sy\/tr\/index.php?rest_route=\/wp\/v2\/posts"}],"about":[{"href":"https:\/\/archive.sana.sy\/tr\/index.php?rest_route=\/wp\/v2\/types\/post"}],"author":[{"embeddable":true,"href":"https:\/\/archive.sana.sy\/tr\/index.php?rest_route=\/wp\/v2\/users\/36"}],"replies":[{"embeddable":true,"href":"https:\/\/archive.sana.sy\/tr\/index.php?rest_route=%2Fwp%2Fv2%2Fcomments&post=326052"}],"version-history":[{"count":4,"href":"https:\/\/archive.sana.sy\/tr\/index.php?rest_route=\/wp\/v2\/posts\/326052\/revisions"}],"predecessor-version":[{"id":327901,"href":"https:\/\/archive.sana.sy\/tr\/index.php?rest_route=\/wp\/v2\/posts\/326052\/revisions\/327901"}],"wp:featuredmedia":[{"embeddable":true,"href":"https:\/\/archive.sana.sy\/tr\/index.php?rest_route=\/wp\/v2\/media\/326053"}],"wp:attachment":[{"href":"https:\/\/archive.sana.sy\/tr\/index.php?rest_route=%2Fwp%2Fv2%2Fmedia&parent=326052"}],"wp:term":[{"taxonomy":"category","embeddable":true,"href":"https:\/\/archive.sana.sy\/tr\/index.php?rest_route=%2Fwp%2Fv2%2Fcategories&post=326052"},{"taxonomy":"post_tag","embeddable":true,"href":"https:\/\/archive.sana.sy\/tr\/index.php?rest_route=%2Fwp%2Fv2%2Ftags&post=326052"}],"curies":[{"name":"wp","href":"https:\/\/api.w.org\/{rel}","templated":true}]}}