{"id":326055,"date":"2025-07-21T14:14:31","date_gmt":"2025-07-21T11:14:31","guid":{"rendered":"https:\/\/sana.sy\/tr\/?p=326055"},"modified":"2025-07-21T14:50:31","modified_gmt":"2025-07-21T11:50:31","slug":"erdogan-israil-suriyede-istikrari-engellemeye-calisiyor","status":"publish","type":"post","link":"https:\/\/archive.sana.sy\/tr\/?p=326055","title":{"rendered":"Erdo\u011fan: \u0130srail, Suriye&#8217;de \u0130stikrar\u0131 Engellemeye \u00c7al\u0131\u015f\u0131yor"},"content":{"rendered":"<p style=\"text-align: justify;\"><span style=\"color: #ff0000;\"><strong>ANADOLU (SANA) &#8211;<\/strong><\/span> T\u00fcrkiye Cumhurba\u015fkan\u0131 Recep Tayyip Erdo\u011fan, \u0130srail&#8217;in Suriye&#8217;de istikrar\u0131 bozmaya \u00e7al\u0131\u015ft\u0131\u011f\u0131n\u0131 belirterek, Ankara&#8217;n\u0131n \u015eam&#8217;a deste\u011fini yineledi.<\/p>\n<p style=\"text-align: justify;\">Anadolu Ajans\u0131, Erdo\u011fan&#8217;\u0131n K\u0131br\u0131s&#8217;tan d\u00f6n\u00fc\u015f u\u00e7a\u011f\u0131nda gazetecilere verdi\u011fi deme\u00e7te \u015fu ifadelere yer verdi: &#8220;\u0130srail provokasyonlar\u0131n\u0131 s\u00fcrd\u00fcr\u00fcyor ve b\u00f6lgede istikrar aram\u0131yor, Birle\u015fik bir Suriye&#8217;nin kendi \u00e7\u0131kar\u0131na olmayaca\u011f\u0131na inan\u0131yor, \u0130srail&#8217;in Suriye&#8217;de istikrar s\u00fcrecini engellemek i\u00e7in \u00e7al\u0131\u015ft\u0131\u011f\u0131n\u0131 d\u00fcnyaya a\u00e7\u0131k\u00e7a anlatmak gerekiyor.&#8221;<\/p>\n<p style=\"text-align: justify;\">T\u00fcrkiye Cumhurba\u015fkan\u0131, Cumhurba\u015fkan\u0131 Ahmed El \u015eara&#8217;n\u0131n \u00fclkesinde ya\u015fanan son olaylara kar\u015f\u0131 kararl\u0131 bir duru\u015f sergiledi\u011fini ve hi\u00e7bir taviz vermedi\u011fini vurgulad\u0131.<\/p>\n<p style=\"text-align: justify;\">Suriyeli m\u00fclteciler konusunda ise Erdo\u011fan, T\u00fcrkiye&#8217;nin onlar\u0131n g\u00f6n\u00fcll\u00fc geri d\u00f6n\u00fc\u015flerini h\u0131zland\u0131rmak i\u00e7in her t\u00fcrl\u00fc deste\u011fi sa\u011flayaca\u011f\u0131n\u0131 yineledi.<\/p>\n","protected":false},"excerpt":{"rendered":"<p>ANADOLU (SANA) &#8211; T\u00fcrkiye Cumhurba\u015fkan\u0131 Recep Tayyip Erdo\u011fan, \u0130srail&#8217;in Suriye&#8217;de istikrar\u0131 bozmaya \u00e7al\u0131\u015ft\u0131\u011f\u0131n\u0131 belirterek, Ankara&#8217;n\u0131n \u015eam&#8217;a deste\u011fini yineledi. Anadolu Ajans\u0131, Erdo\u011fan&#8217;\u0131n K\u0131br\u0131s&#8217;tan d\u00f6n\u00fc\u015f u\u00e7a\u011f\u0131nda gazetecilere verdi\u011fi deme\u00e7te \u015fu ifadelere yer verdi: &#8220;\u0130srail provokasyonlar\u0131n\u0131 s\u00fcrd\u00fcr\u00fcyor ve b\u00f6lgede istikrar aram\u0131yor, Birle\u015fik bir Suriye&#8217;nin kendi \u00e7\u0131kar\u0131na olmayaca\u011f\u0131na inan\u0131yor, \u0130srail&#8217;in Suriye&#8217;de istikrar s\u00fcrecini engellemek i\u00e7in \u00e7al\u0131\u015ft\u0131\u011f\u0131n\u0131 d\u00fcnyaya a\u00e7\u0131k\u00e7a anlatmak &hellip;<\/p>\n","protected":false},"author":36,"featured_media":326056,"comment_status":"closed","ping_status":"closed","sticky":false,"template":"","format":"standard","meta":{"footnotes":""},"categories":[458,589,459,17988],"tags":[],"class_list":["post-326055","post","type-post","status-publish","format-standard","has-post-thumbnail","","category-dunya1","category-haber-seridi","category-haberler-arap-uluslararasi-politika","category-son-haberler"],"_links":{"self":[{"href":"https:\/\/archive.sana.sy\/tr\/index.php?rest_route=\/wp\/v2\/posts\/326055","targetHints":{"allow":["GET"]}}],"collection":[{"href":"https:\/\/archive.sana.sy\/tr\/index.php?rest_route=\/wp\/v2\/posts"}],"about":[{"href":"https:\/\/archive.sana.sy\/tr\/index.php?rest_route=\/wp\/v2\/types\/post"}],"author":[{"embeddable":true,"href":"https:\/\/archive.sana.sy\/tr\/index.php?rest_route=\/wp\/v2\/users\/36"}],"replies":[{"embeddable":true,"href":"https:\/\/archive.sana.sy\/tr\/index.php?rest_route=%2Fwp%2Fv2%2Fcomments&post=326055"}],"version-history":[{"count":4,"href":"https:\/\/archive.sana.sy\/tr\/index.php?rest_route=\/wp\/v2\/posts\/326055\/revisions"}],"predecessor-version":[{"id":326063,"href":"https:\/\/archive.sana.sy\/tr\/index.php?rest_route=\/wp\/v2\/posts\/326055\/revisions\/326063"}],"wp:featuredmedia":[{"embeddable":true,"href":"https:\/\/archive.sana.sy\/tr\/index.php?rest_route=\/wp\/v2\/media\/326056"}],"wp:attachment":[{"href":"https:\/\/archive.sana.sy\/tr\/index.php?rest_route=%2Fwp%2Fv2%2Fmedia&parent=326055"}],"wp:term":[{"taxonomy":"category","embeddable":true,"href":"https:\/\/archive.sana.sy\/tr\/index.php?rest_route=%2Fwp%2Fv2%2Fcategories&post=326055"},{"taxonomy":"post_tag","embeddable":true,"href":"https:\/\/archive.sana.sy\/tr\/index.php?rest_route=%2Fwp%2Fv2%2Ftags&post=326055"}],"curies":[{"name":"wp","href":"https:\/\/api.w.org\/{rel}","templated":true}]}}