{"id":326068,"date":"2025-07-21T15:14:19","date_gmt":"2025-07-21T12:14:19","guid":{"rendered":"https:\/\/sana.sy\/tr\/?p=326068"},"modified":"2025-07-21T16:56:56","modified_gmt":"2025-07-21T13:56:56","slug":"barrack-abd-suriyedeki-gelismelere-yanit-veriyor-ve-yardim-sagliyor","status":"publish","type":"post","link":"https:\/\/archive.sana.sy\/tr\/?p=326068","title":{"rendered":"Barrack: ABD Suriye&#8217;deki Geli\u015fmelere Yan\u0131t Veriyor Ve Yard\u0131m Sa\u011fl\u0131yor"},"content":{"rendered":"<p style=\"text-align: justify;\"><span style=\"color: #ff0000;\"><strong>BEYRUT (SANA)<\/strong><\/span> &#8211; ABD&#8217;nin Suriye \u00d6zel Temsilcisi Thomas Barrack, ABD&#8217;nin Suriye&#8217;deki geli\u015fmelere yan\u0131t verdi\u011fini ve yard\u0131m sa\u011flad\u0131\u011f\u0131n\u0131 do\u011frulayarak, Ba\u015fkan Donald Trump&#8217;\u0131n Orta Do\u011fu&#8217;da istikrar\u0131 sa\u011flamak istedi\u011fini ifade etti.<\/p>\n<p style=\"text-align: justify;\">Bug\u00fcn Beyrut&#8217;ta d\u00fczenledi\u011fi bas\u0131n toplant\u0131s\u0131nda Barrack, Suriye&#8217;deki yeni h\u00fck\u00fcmetin hen\u00fcz yedi ayd\u0131r g\u00f6revde oldu\u011funu ve bir\u00e7ok zorlukla kar\u015f\u0131 kar\u015f\u0131ya oldu\u011funu a\u00e7\u0131klarken, h\u00fck\u00fcmetin gelmesinden \u00f6nce i\u015flenen 15 y\u0131ll\u0131k zulm\u00fcn sonu\u00e7lar\u0131n\u0131n yan\u0131 s\u0131ra, bir sorun ortaya \u00e7\u0131kt\u0131\u011f\u0131nda insanlar\u0131n h\u00fck\u00fcmete ba\u015fvurmadan \u00f6nce a\u015firetlerine veya ailelerine ba\u015fvurmalar\u0131na yol a\u00e7an kaos ortam\u0131n\u0131n da mevcut oldu\u011funu belirtti.<\/p>\n<p style=\"text-align: justify;\">Barrack ayr\u0131c, Suriye h\u00fck\u00fcmetinin Suriye halk\u0131n\u0131n t\u00fcm kesimleriyle ileti\u015fim kurmas\u0131n\u0131n ve onlara kar\u015f\u0131 sorumluluklar\u0131n\u0131 yerine getirmesinin \u00f6nemine ve Suriye ile kom\u015fu \u00fclkeler aras\u0131nda s\u00fcrekli koordinasyonun gereklili\u011fine dikkat \u00e7ekti.<\/p>\n","protected":false},"excerpt":{"rendered":"<p>BEYRUT (SANA) &#8211; ABD&#8217;nin Suriye \u00d6zel Temsilcisi Thomas Barrack, ABD&#8217;nin Suriye&#8217;deki geli\u015fmelere yan\u0131t verdi\u011fini ve yard\u0131m sa\u011flad\u0131\u011f\u0131n\u0131 do\u011frulayarak, Ba\u015fkan Donald Trump&#8217;\u0131n Orta Do\u011fu&#8217;da istikrar\u0131 sa\u011flamak istedi\u011fini ifade etti. Bug\u00fcn Beyrut&#8217;ta d\u00fczenledi\u011fi bas\u0131n toplant\u0131s\u0131nda Barrack, Suriye&#8217;deki yeni h\u00fck\u00fcmetin hen\u00fcz yedi ayd\u0131r g\u00f6revde oldu\u011funu ve bir\u00e7ok zorlukla kar\u015f\u0131 kar\u015f\u0131ya oldu\u011funu a\u00e7\u0131klarken, h\u00fck\u00fcmetin gelmesinden \u00f6nce i\u015flenen 15 y\u0131ll\u0131k &hellip;<\/p>\n","protected":false},"author":41,"featured_media":326069,"comment_status":"closed","ping_status":"closed","sticky":false,"template":"","format":"standard","meta":{"footnotes":""},"categories":[458,459],"tags":[],"class_list":["post-326068","post","type-post","status-publish","format-standard","has-post-thumbnail","","category-dunya1","category-haberler-arap-uluslararasi-politika"],"_links":{"self":[{"href":"https:\/\/archive.sana.sy\/tr\/index.php?rest_route=\/wp\/v2\/posts\/326068","targetHints":{"allow":["GET"]}}],"collection":[{"href":"https:\/\/archive.sana.sy\/tr\/index.php?rest_route=\/wp\/v2\/posts"}],"about":[{"href":"https:\/\/archive.sana.sy\/tr\/index.php?rest_route=\/wp\/v2\/types\/post"}],"author":[{"embeddable":true,"href":"https:\/\/archive.sana.sy\/tr\/index.php?rest_route=\/wp\/v2\/users\/41"}],"replies":[{"embeddable":true,"href":"https:\/\/archive.sana.sy\/tr\/index.php?rest_route=%2Fwp%2Fv2%2Fcomments&post=326068"}],"version-history":[{"count":1,"href":"https:\/\/archive.sana.sy\/tr\/index.php?rest_route=\/wp\/v2\/posts\/326068\/revisions"}],"predecessor-version":[{"id":326070,"href":"https:\/\/archive.sana.sy\/tr\/index.php?rest_route=\/wp\/v2\/posts\/326068\/revisions\/326070"}],"wp:featuredmedia":[{"embeddable":true,"href":"https:\/\/archive.sana.sy\/tr\/index.php?rest_route=\/wp\/v2\/media\/326069"}],"wp:attachment":[{"href":"https:\/\/archive.sana.sy\/tr\/index.php?rest_route=%2Fwp%2Fv2%2Fmedia&parent=326068"}],"wp:term":[{"taxonomy":"category","embeddable":true,"href":"https:\/\/archive.sana.sy\/tr\/index.php?rest_route=%2Fwp%2Fv2%2Fcategories&post=326068"},{"taxonomy":"post_tag","embeddable":true,"href":"https:\/\/archive.sana.sy\/tr\/index.php?rest_route=%2Fwp%2Fv2%2Ftags&post=326068"}],"curies":[{"name":"wp","href":"https:\/\/api.w.org\/{rel}","templated":true}]}}