{"id":326078,"date":"2025-07-21T16:00:49","date_gmt":"2025-07-21T13:00:49","guid":{"rendered":"https:\/\/sana.sy\/tr\/?p=326078"},"modified":"2025-07-21T16:16:01","modified_gmt":"2025-07-21T13:16:01","slug":"suriye-saglik-bakani-dera-valiligindeki-yaralilarin-durumlarini-inceledi","status":"publish","type":"post","link":"https:\/\/archive.sana.sy\/tr\/?p=326078","title":{"rendered":"Suriye Sa\u011fl\u0131k Bakan\u0131, Dera Valili\u011fi&#8217;ndeki Yaral\u0131lar\u0131n Durumlar\u0131n\u0131 \u0130nceledi"},"content":{"rendered":"<p style=\"text-align: justify;\"><span style=\"color: #ff0000;\"><strong>DERA (SANA)<\/strong> <\/span>&#8211; Suriye Sa\u011fl\u0131k Bakan\u0131 Dr. Musab El Ali, Dera Sa\u011fl\u0131k M\u00fcd\u00fcr\u00fc Dr. Ziyad El Mahamid e\u015fli\u011finde, <img loading=\"lazy\" decoding=\"async\" class=\" wp-image-326080 alignright\" src=\"http:\/\/sana.sy\/tr\/wp-content\/uploads\/2025\/07\/photo_2025-07-21_15-41-17-300x200-1.jpg\" alt=\"\" width=\"239\" height=\"159\" \/>S\u00fcveyda Valili\u011fi&#8217;nde meydana gelen son olaylarda yaralananlar\u0131n durumlar\u0131n\u0131 incelemek ve sa\u011fl\u0131k durumlar\u0131n\u0131 kontrol etmek \u00fczere Dera Ulusal Hastanesi&#8217;ni ziyaret etti.<\/p>\n<p style=\"text-align: justify;\">Ziyaret s\u0131ras\u0131nda Bakan El Ali, hastanede sunulan t\u0131bbi hizmetler ve yaral\u0131lar\u0131n sa\u011fl\u0131k durumlar\u0131 hakk\u0131nda bilgi ald\u0131.<\/p>\n<p style=\"text-align: justify;\">Dr. El Ali, sa\u011fl\u0131k personelinin yetkinli\u011finin art\u0131r\u0131lmas\u0131n\u0131n, \u00e7al\u0131\u015fma ortam\u0131n\u0131n iyile\u015ftirilmesinin ve hastanelerin haz\u0131r olmas\u0131n\u0131n \u00f6nemini vurgulad\u0131. Bakanl\u0131\u011f\u0131n, b\u00f6lgedeki t\u0131bbi destek \u00e7al\u0131\u015fmalar\u0131n\u0131 art\u0131rmak i\u00e7in Dera Sa\u011fl\u0131k M\u00fcd\u00fcrl\u00fc\u011f\u00fc&#8217;ne ambulans, t\u0131bbi malzeme ve ila\u00e7 sa\u011flad\u0131\u011f\u0131n\u0131 belirtti.<\/p>\n","protected":false},"excerpt":{"rendered":"<p>DERA (SANA) &#8211; Suriye Sa\u011fl\u0131k Bakan\u0131 Dr. Musab El Ali, Dera Sa\u011fl\u0131k M\u00fcd\u00fcr\u00fc Dr. Ziyad El Mahamid e\u015fli\u011finde, S\u00fcveyda Valili\u011fi&#8217;nde meydana gelen son olaylarda yaralananlar\u0131n durumlar\u0131n\u0131 incelemek ve sa\u011fl\u0131k durumlar\u0131n\u0131 kontrol etmek \u00fczere Dera Ulusal Hastanesi&#8217;ni ziyaret etti. Ziyaret s\u0131ras\u0131nda Bakan El Ali, hastanede sunulan t\u0131bbi hizmetler ve yaral\u0131lar\u0131n sa\u011fl\u0131k durumlar\u0131 hakk\u0131nda bilgi ald\u0131. Dr. &hellip;<\/p>\n","protected":false},"author":41,"featured_media":326079,"comment_status":"closed","ping_status":"closed","sticky":false,"template":"","format":"standard","meta":{"footnotes":""},"categories":[458,589,459,17988],"tags":[],"class_list":["post-326078","post","type-post","status-publish","format-standard","has-post-thumbnail","","category-dunya1","category-haber-seridi","category-haberler-arap-uluslararasi-politika","category-son-haberler"],"_links":{"self":[{"href":"https:\/\/archive.sana.sy\/tr\/index.php?rest_route=\/wp\/v2\/posts\/326078","targetHints":{"allow":["GET"]}}],"collection":[{"href":"https:\/\/archive.sana.sy\/tr\/index.php?rest_route=\/wp\/v2\/posts"}],"about":[{"href":"https:\/\/archive.sana.sy\/tr\/index.php?rest_route=\/wp\/v2\/types\/post"}],"author":[{"embeddable":true,"href":"https:\/\/archive.sana.sy\/tr\/index.php?rest_route=\/wp\/v2\/users\/41"}],"replies":[{"embeddable":true,"href":"https:\/\/archive.sana.sy\/tr\/index.php?rest_route=%2Fwp%2Fv2%2Fcomments&post=326078"}],"version-history":[{"count":1,"href":"https:\/\/archive.sana.sy\/tr\/index.php?rest_route=\/wp\/v2\/posts\/326078\/revisions"}],"predecessor-version":[{"id":326081,"href":"https:\/\/archive.sana.sy\/tr\/index.php?rest_route=\/wp\/v2\/posts\/326078\/revisions\/326081"}],"wp:featuredmedia":[{"embeddable":true,"href":"https:\/\/archive.sana.sy\/tr\/index.php?rest_route=\/wp\/v2\/media\/326079"}],"wp:attachment":[{"href":"https:\/\/archive.sana.sy\/tr\/index.php?rest_route=%2Fwp%2Fv2%2Fmedia&parent=326078"}],"wp:term":[{"taxonomy":"category","embeddable":true,"href":"https:\/\/archive.sana.sy\/tr\/index.php?rest_route=%2Fwp%2Fv2%2Fcategories&post=326078"},{"taxonomy":"post_tag","embeddable":true,"href":"https:\/\/archive.sana.sy\/tr\/index.php?rest_route=%2Fwp%2Fv2%2Ftags&post=326078"}],"curies":[{"name":"wp","href":"https:\/\/api.w.org\/{rel}","templated":true}]}}