{"id":326085,"date":"2025-07-21T17:20:47","date_gmt":"2025-07-21T14:20:47","guid":{"rendered":"https:\/\/sana.sy\/tr\/?p=326085"},"modified":"2025-07-21T18:14:53","modified_gmt":"2025-07-21T15:14:53","slug":"suveydadan-tahliye-edilen-120den-fazla-bedevi-aile-dera-ilindeki-nahta-barinma-merkezine-ulasti","status":"publish","type":"post","link":"https:\/\/archive.sana.sy\/tr\/?p=326085","title":{"rendered":"S\u00fcveyda&#8217;dan Gelen 120&#8217;den Fazla Bedevi Aile Dera \u0130lindeki Nahta Bar\u0131nma Merkezine Ula\u015ft\u0131"},"content":{"rendered":"<p style=\"text-align: justify;\" data-start=\"229\" data-end=\"372\"><span style=\"color: #ff0000;\"><strong>DERA (SANA)<\/strong> <\/span>&#8211; Dera ilinin kuzeyinde yer alan Nahta beldesinde kurulan bar\u0131nma merkezi, bug\u00fcn S\u00fcveyda\u2019dan gelen 120\u2019den fazla Bedevi aileyi kabul etti.<\/p>\n<p style=\"text-align: justify;\" data-start=\"374\" data-end=\"564\">Aileleri ta\u015f\u0131yan konvoy bu sabah S\u00fcveyda kentinden hareket ederek Nahta\u2019ya ula\u015ft\u0131. Belde halk\u0131 taraf\u0131ndan kar\u015f\u0131lanan ailelere bar\u0131nma merkezinde ilk yard\u0131m ve temel ihtiya\u00e7 deste\u011fi sa\u011fland\u0131.<\/p>\n<div id='gallery-1' class='gallery galleryid-326085 gallery-columns-2 gallery-size-medium'><figure class='gallery-item'>\n\t\t\t<div class='gallery-icon landscape'>\n\t\t\t\t<a href='https:\/\/archive.sana.sy\/tr\/?attachment_id=326087'><img loading=\"lazy\" decoding=\"async\" width=\"300\" height=\"169\" src=\"https:\/\/archive.sana.sy\/tr\/wp-content\/uploads\/2025\/07\/1-19-300x169.jpg\" class=\"attachment-medium size-medium\" alt=\"\" aria-describedby=\"gallery-1-326087\" srcset=\"https:\/\/archive.sana.sy\/tr\/wp-content\/uploads\/2025\/07\/1-19-300x169.jpg 300w, https:\/\/archive.sana.sy\/tr\/wp-content\/uploads\/2025\/07\/1-19-1024x576.jpg 1024w, https:\/\/archive.sana.sy\/tr\/wp-content\/uploads\/2025\/07\/1-19-768x432.jpg 768w, https:\/\/archive.sana.sy\/tr\/wp-content\/uploads\/2025\/07\/1-19-1536x864.jpg 1536w, https:\/\/archive.sana.sy\/tr\/wp-content\/uploads\/2025\/07\/1-19-2048x1152.jpg 2048w\" sizes=\"auto, (max-width: 300px) 100vw, 300px\" \/><\/a>\n\t\t\t<\/div>\n\t\t\t\t<figcaption class='wp-caption-text gallery-caption' id='gallery-1-326087'>\n\t\t\t\tDCIM100MEDIADJI_0525.JPG\n\t\t\t\t<\/figcaption><\/figure><figure class='gallery-item'>\n\t\t\t<div class='gallery-icon landscape'>\n\t\t\t\t<a href='https:\/\/archive.sana.sy\/tr\/?attachment_id=326088'><img loading=\"lazy\" decoding=\"async\" width=\"300\" height=\"169\" src=\"https:\/\/archive.sana.sy\/tr\/wp-content\/uploads\/2025\/07\/2-21-300x169.jpg\" class=\"attachment-medium size-medium\" alt=\"\" aria-describedby=\"gallery-1-326088\" srcset=\"https:\/\/archive.sana.sy\/tr\/wp-content\/uploads\/2025\/07\/2-21-300x169.jpg 300w, https:\/\/archive.sana.sy\/tr\/wp-content\/uploads\/2025\/07\/2-21-1024x576.jpg 1024w, https:\/\/archive.sana.sy\/tr\/wp-content\/uploads\/2025\/07\/2-21-768x432.jpg 768w, https:\/\/archive.sana.sy\/tr\/wp-content\/uploads\/2025\/07\/2-21-1536x864.jpg 1536w, https:\/\/archive.sana.sy\/tr\/wp-content\/uploads\/2025\/07\/2-21-2048x1152.jpg 2048w\" sizes=\"auto, (max-width: 300px) 100vw, 300px\" \/><\/a>\n\t\t\t<\/div>\n\t\t\t\t<figcaption class='wp-caption-text gallery-caption' id='gallery-1-326088'>\n\t\t\t\tDCIM100MEDIADJI_0527.JPG\n\t\t\t\t<\/figcaption><\/figure>\n\t\t<\/div>\n\n","protected":false},"excerpt":{"rendered":"<p>DERA (SANA) &#8211; Dera ilinin kuzeyinde yer alan Nahta beldesinde kurulan bar\u0131nma merkezi, bug\u00fcn S\u00fcveyda\u2019dan gelen 120\u2019den fazla Bedevi aileyi kabul etti. Aileleri ta\u015f\u0131yan konvoy bu sabah S\u00fcveyda kentinden hareket ederek Nahta\u2019ya ula\u015ft\u0131. Belde halk\u0131 taraf\u0131ndan kar\u015f\u0131lanan ailelere bar\u0131nma merkezinde ilk yard\u0131m ve temel ihtiya\u00e7 deste\u011fi sa\u011fland\u0131.<\/p>\n","protected":false},"author":41,"featured_media":326086,"comment_status":"closed","ping_status":"closed","sticky":false,"template":"","format":"standard","meta":{"footnotes":""},"categories":[589,479,17988,478],"tags":[],"class_list":["post-326085","post","type-post","status-publish","format-standard","has-post-thumbnail","","category-haber-seridi","category-haberler-yerel","category-son-haberler","category-yerel"],"_links":{"self":[{"href":"https:\/\/archive.sana.sy\/tr\/index.php?rest_route=\/wp\/v2\/posts\/326085","targetHints":{"allow":["GET"]}}],"collection":[{"href":"https:\/\/archive.sana.sy\/tr\/index.php?rest_route=\/wp\/v2\/posts"}],"about":[{"href":"https:\/\/archive.sana.sy\/tr\/index.php?rest_route=\/wp\/v2\/types\/post"}],"author":[{"embeddable":true,"href":"https:\/\/archive.sana.sy\/tr\/index.php?rest_route=\/wp\/v2\/users\/41"}],"replies":[{"embeddable":true,"href":"https:\/\/archive.sana.sy\/tr\/index.php?rest_route=%2Fwp%2Fv2%2Fcomments&post=326085"}],"version-history":[{"count":3,"href":"https:\/\/archive.sana.sy\/tr\/index.php?rest_route=\/wp\/v2\/posts\/326085\/revisions"}],"predecessor-version":[{"id":326091,"href":"https:\/\/archive.sana.sy\/tr\/index.php?rest_route=\/wp\/v2\/posts\/326085\/revisions\/326091"}],"wp:featuredmedia":[{"embeddable":true,"href":"https:\/\/archive.sana.sy\/tr\/index.php?rest_route=\/wp\/v2\/media\/326086"}],"wp:attachment":[{"href":"https:\/\/archive.sana.sy\/tr\/index.php?rest_route=%2Fwp%2Fv2%2Fmedia&parent=326085"}],"wp:term":[{"taxonomy":"category","embeddable":true,"href":"https:\/\/archive.sana.sy\/tr\/index.php?rest_route=%2Fwp%2Fv2%2Fcategories&post=326085"},{"taxonomy":"post_tag","embeddable":true,"href":"https:\/\/archive.sana.sy\/tr\/index.php?rest_route=%2Fwp%2Fv2%2Ftags&post=326085"}],"curies":[{"name":"wp","href":"https:\/\/api.w.org\/{rel}","templated":true}]}}