{"id":326092,"date":"2025-07-21T18:41:55","date_gmt":"2025-07-21T15:41:55","guid":{"rendered":"https:\/\/sana.sy\/tr\/?p=326092"},"modified":"2025-07-21T19:49:26","modified_gmt":"2025-07-21T16:49:26","slug":"dera-valiligi-suveydadan-yaklasik-200-bedevi-ailesi-barinma-merkezlerine-yerlestirildi","status":"publish","type":"post","link":"https:\/\/archive.sana.sy\/tr\/?p=326092","title":{"rendered":"Dera Valili\u011fi: S\u00fcveyda\u2019dan Yakla\u015f\u0131k 200 Bedevi Ailesi Bar\u0131nma Merkezlerine Yerle\u015ftirildi"},"content":{"rendered":"<p style=\"text-align: justify;\" data-start=\"195\" data-end=\"210\"><strong data-start=\"195\" data-end=\"210\"><span style=\"color: #ff0000;\">DERA (SANA)<\/span> &#8211; <\/strong>Dera Valisi Enver Taha El Zubi, S\u00fcveyda\u2019da al\u0131konulan yakla\u015f\u0131k 200 bedevi ailesinin bu sabah Dera\u2019ya ula\u015ft\u0131\u011f\u0131n\u0131 ve \u00f6nceden haz\u0131rlanan bar\u0131nma merkezlerine yerle\u015ftirildi\u011fini a\u00e7\u0131klad\u0131.<\/p>\n<p style=\"text-align: justify;\">Vali El Zubi, SANA muhabirine yapt\u0131\u011f\u0131 a\u00e7\u0131klamada, toplamda 1.000\u2019in \u00fczerinde ki\u015fiden olu\u015fan bu ailelerin, valilik taraf\u0131ndan d\u00fcn gece g\u00f6nderilen 13 otob\u00fcsle ta\u015f\u0131nd\u0131\u011f\u0131n\u0131 belirtti. Ailelerin, gerekli donan\u0131ma sahip yeni bar\u0131nma merkezlerine da\u011f\u0131t\u0131ld\u0131\u011f\u0131n\u0131 ifade etti.<\/p>\n<p style=\"text-align: justify;\" data-start=\"661\" data-end=\"1014\">El Zubi, daha \u00f6nce de 3.250 ailenin kente ula\u015ft\u0131\u011f\u0131n\u0131 ve bu ailelerin yatak, battaniye, su depolar\u0131, t\u0131bbi ve g\u0131da malzemeleri ile seyyar kliniklerin bulundu\u011fu bar\u0131nma merkezlerine yerle\u015ftirildi\u011fini aktard\u0131. Ayr\u0131ca, S\u00fcveyda\u2019dan gelen ve can g\u00fcvenliklerinden endi\u015fe eden iki ya da \u00fc\u00e7 ailenin de h\u00e2lihaz\u0131rda bar\u0131nma merkezlerinden birinde kald\u0131\u011f\u0131n\u0131 bildirdi.<\/p>\n<p style=\"text-align: justify;\" data-start=\"1016\" data-end=\"1350\">Vali, bar\u0131nma merkezlerine gelen aile say\u0131lar\u0131n\u0131n s\u00fcrekli de\u011fi\u015fti\u011fine dikkat \u00e7ekerek, baz\u0131 ailelerin hizmet ald\u0131ktan sonra akrabalar\u0131n\u0131n ya\u015fad\u0131\u011f\u0131 b\u00f6lgelere gitmeyi tercih etti\u011fini s\u00f6yledi. Zu\u2019bi, S\u00fcveyda\u2019dan gelen 12 ailenin bar\u0131nma merkezinde k\u0131sa s\u00fcreli kald\u0131ktan sonra gerekli yard\u0131mlar sa\u011fland\u0131ktan sonra \u015eam\u2019a ge\u00e7ti\u011fini kaydetti.<\/p>\n<p style=\"text-align: justify;\" data-start=\"1352\" data-end=\"1549\">Ayr\u0131ca Vali Zubi, Dera halk\u0131n\u0131n yakla\u015f\u0131k 800 aileyi kendi evlerinde misafir etti\u011fini belirterek, bu durumun iki vilayet halk\u0131 aras\u0131ndaki g\u00fc\u00e7l\u00fc dayan\u0131\u015fmay\u0131 ve toplumsal ba\u011f\u0131 yans\u0131tt\u0131\u011f\u0131n\u0131 vurgulad\u0131.<\/p>\n<p style=\"text-align: justify;\" data-start=\"1551\" data-end=\"1777\">Vali a\u00e7\u0131klamas\u0131nda, bug\u00fcn itibar\u0131yla Suriye K\u0131z\u0131lay\u0131, sivil savunma ekipleri ve vilayetle i\u015f birli\u011fi i\u00e7inde \u00e7al\u0131\u015fan g\u00f6n\u00fcll\u00fc kad\u0131n ekiplerinin, bar\u0131nma merkezlerinde kalan ailelerin envanter \u00e7al\u0131\u015fmas\u0131na ba\u015flad\u0131\u011f\u0131n\u0131 da bildirdi.<\/p>\n","protected":false},"excerpt":{"rendered":"<p>DERA (SANA) &#8211; Dera Valisi Enver Taha El Zubi, S\u00fcveyda\u2019da al\u0131konulan yakla\u015f\u0131k 200 bedevi ailesinin bu sabah Dera\u2019ya ula\u015ft\u0131\u011f\u0131n\u0131 ve \u00f6nceden haz\u0131rlanan bar\u0131nma merkezlerine yerle\u015ftirildi\u011fini a\u00e7\u0131klad\u0131. Vali El Zubi, SANA muhabirine yapt\u0131\u011f\u0131 a\u00e7\u0131klamada, toplamda 1.000\u2019in \u00fczerinde ki\u015fiden olu\u015fan bu ailelerin, valilik taraf\u0131ndan d\u00fcn gece g\u00f6nderilen 13 otob\u00fcsle ta\u015f\u0131nd\u0131\u011f\u0131n\u0131 belirtti. Ailelerin, gerekli donan\u0131ma sahip yeni bar\u0131nma &hellip;<\/p>\n","protected":false},"author":41,"featured_media":326093,"comment_status":"closed","ping_status":"closed","sticky":false,"template":"","format":"standard","meta":{"footnotes":""},"categories":[589,17988],"tags":[],"class_list":["post-326092","post","type-post","status-publish","format-standard","has-post-thumbnail","","category-haber-seridi","category-son-haberler"],"_links":{"self":[{"href":"https:\/\/archive.sana.sy\/tr\/index.php?rest_route=\/wp\/v2\/posts\/326092","targetHints":{"allow":["GET"]}}],"collection":[{"href":"https:\/\/archive.sana.sy\/tr\/index.php?rest_route=\/wp\/v2\/posts"}],"about":[{"href":"https:\/\/archive.sana.sy\/tr\/index.php?rest_route=\/wp\/v2\/types\/post"}],"author":[{"embeddable":true,"href":"https:\/\/archive.sana.sy\/tr\/index.php?rest_route=\/wp\/v2\/users\/41"}],"replies":[{"embeddable":true,"href":"https:\/\/archive.sana.sy\/tr\/index.php?rest_route=%2Fwp%2Fv2%2Fcomments&post=326092"}],"version-history":[{"count":1,"href":"https:\/\/archive.sana.sy\/tr\/index.php?rest_route=\/wp\/v2\/posts\/326092\/revisions"}],"predecessor-version":[{"id":326094,"href":"https:\/\/archive.sana.sy\/tr\/index.php?rest_route=\/wp\/v2\/posts\/326092\/revisions\/326094"}],"wp:featuredmedia":[{"embeddable":true,"href":"https:\/\/archive.sana.sy\/tr\/index.php?rest_route=\/wp\/v2\/media\/326093"}],"wp:attachment":[{"href":"https:\/\/archive.sana.sy\/tr\/index.php?rest_route=%2Fwp%2Fv2%2Fmedia&parent=326092"}],"wp:term":[{"taxonomy":"category","embeddable":true,"href":"https:\/\/archive.sana.sy\/tr\/index.php?rest_route=%2Fwp%2Fv2%2Fcategories&post=326092"},{"taxonomy":"post_tag","embeddable":true,"href":"https:\/\/archive.sana.sy\/tr\/index.php?rest_route=%2Fwp%2Fv2%2Ftags&post=326092"}],"curies":[{"name":"wp","href":"https:\/\/api.w.org\/{rel}","templated":true}]}}