{"id":326095,"date":"2025-07-21T19:18:33","date_gmt":"2025-07-21T16:18:33","guid":{"rendered":"https:\/\/sana.sy\/tr\/?p=326095"},"modified":"2025-07-21T19:19:57","modified_gmt":"2025-07-21T16:19:57","slug":"irak-basbakani-bolgede-guvenlik-ve-istikrarin-saglanmasi-icin-diplomasi-ve-isbirliginin-harekete-gecirilmesi-cagrisinda-bulundu","status":"publish","type":"post","link":"https:\/\/archive.sana.sy\/tr\/?p=326095","title":{"rendered":"Irak Ba\u015fbakan\u0131, B\u00f6lgede G\u00fcvenlik Ve \u0130stikrar\u0131n Sa\u011flanmas\u0131 \u0130\u00e7in Diplomasi Ve \u0130\u015fbirli\u011finin Harekete Ge\u00e7irilmesi \u00c7a\u011fr\u0131s\u0131nda Bulundu"},"content":{"rendered":"<p style=\"text-align: justify;\"><span style=\"color: #ff0000;\"><strong>BA\u011eDAT (SANA)<\/strong><\/span> &#8211; Irak Ba\u015fbakan\u0131 Muhammed \u015eeyya El Sudani, bug\u00fcn ABD Merkez Komutanl\u0131\u011f\u0131 Komutan\u0131 General Michael Kurilla ile yapt\u0131\u011f\u0131 g\u00f6r\u00fc\u015fmede, b\u00f6lgedeki g\u00fcvenlik ve istikrar\u0131n sa\u011flanmas\u0131 i\u00e7in diplomatik faaliyetlerin ve i\u015fbirli\u011finin etkinle\u015ftirilmesinin \u00f6nemine vurgu yapt\u0131.<\/p>\n<p style=\"text-align: justify;\">Ba\u015fbakanl\u0131k Bas\u0131n Ofisi taraf\u0131ndan Irak Haber Ajans\u0131 (INA) arac\u0131l\u0131\u011f\u0131yla yay\u0131nlanan a\u00e7\u0131klamada, El Sudani\u2019nin ABD Merkez Komutanl\u0131\u011f\u0131 Komutan\u0131 General Michael Kurilla ve Irak ile Suriye\u2019de ter\u00f6rle m\u00fccadele eden Uluslararas\u0131 Koalisyon\u2019un yeni komutan\u0131 Tu\u011fgeneral Kevin Lambert\u2019in de bulundu\u011fu heyetle Suriye\u2019deki geli\u015fmeleri ve bunlar\u0131n b\u00f6lgesel g\u00fcvenlik \u00fczerindeki etkilerini, Ba\u011fdat ile Washington aras\u0131ndaki g\u00fcvenlik i\u015fbirli\u011fi ve koordinasyonunu ve Irak ile uluslararas\u0131 koalisyon aras\u0131ndaki i\u015fbirli\u011fi ili\u015fkilerini g\u00f6r\u00fc\u015ft\u00fc\u011f\u00fc belirtildi.<\/p>\n<p style=\"text-align: justify;\">A\u00e7\u0131klamada, Irak Ba\u015fbakan\u0131\u2019n\u0131n, Birle\u015fmi\u015f Milletler t\u00fcz\u00fckleri, uluslararas\u0131 kararlar, diyaloglar ve mutabakatlar do\u011frultusunda \u00fclkelerin egemenliklerine sayg\u0131 g\u00f6sterilmesinin, \u00e7at\u0131\u015fmalar\u0131n yay\u0131lmas\u0131na neden olan unsurlardan uzak durulmas\u0131n\u0131n ve b\u00f6lgedeki g\u00fcvenlik ve istikrar\u0131n sa\u011flanmas\u0131 i\u00e7in diplomatik faaliyetlerin ve i\u015fbirli\u011finin etkinle\u015ftirilmesinin \u00f6nemini vurgulad\u0131\u011f\u0131 ifade edildi.<\/p>\n","protected":false},"excerpt":{"rendered":"<p>BA\u011eDAT (SANA) &#8211; Irak Ba\u015fbakan\u0131 Muhammed \u015eeyya El Sudani, bug\u00fcn ABD Merkez Komutanl\u0131\u011f\u0131 Komutan\u0131 General Michael Kurilla ile yapt\u0131\u011f\u0131 g\u00f6r\u00fc\u015fmede, b\u00f6lgedeki g\u00fcvenlik ve istikrar\u0131n sa\u011flanmas\u0131 i\u00e7in diplomatik faaliyetlerin ve i\u015fbirli\u011finin etkinle\u015ftirilmesinin \u00f6nemine vurgu yapt\u0131. Ba\u015fbakanl\u0131k Bas\u0131n Ofisi taraf\u0131ndan Irak Haber Ajans\u0131 (INA) arac\u0131l\u0131\u011f\u0131yla yay\u0131nlanan a\u00e7\u0131klamada, El Sudani\u2019nin ABD Merkez Komutanl\u0131\u011f\u0131 Komutan\u0131 General Michael Kurilla ve &hellip;<\/p>\n","protected":false},"author":41,"featured_media":326098,"comment_status":"closed","ping_status":"closed","sticky":false,"template":"","format":"standard","meta":{"footnotes":""},"categories":[458,589,459,17988],"tags":[],"class_list":["post-326095","post","type-post","status-publish","format-standard","has-post-thumbnail","","category-dunya1","category-haber-seridi","category-haberler-arap-uluslararasi-politika","category-son-haberler"],"_links":{"self":[{"href":"https:\/\/archive.sana.sy\/tr\/index.php?rest_route=\/wp\/v2\/posts\/326095","targetHints":{"allow":["GET"]}}],"collection":[{"href":"https:\/\/archive.sana.sy\/tr\/index.php?rest_route=\/wp\/v2\/posts"}],"about":[{"href":"https:\/\/archive.sana.sy\/tr\/index.php?rest_route=\/wp\/v2\/types\/post"}],"author":[{"embeddable":true,"href":"https:\/\/archive.sana.sy\/tr\/index.php?rest_route=\/wp\/v2\/users\/41"}],"replies":[{"embeddable":true,"href":"https:\/\/archive.sana.sy\/tr\/index.php?rest_route=%2Fwp%2Fv2%2Fcomments&post=326095"}],"version-history":[{"count":3,"href":"https:\/\/archive.sana.sy\/tr\/index.php?rest_route=\/wp\/v2\/posts\/326095\/revisions"}],"predecessor-version":[{"id":326100,"href":"https:\/\/archive.sana.sy\/tr\/index.php?rest_route=\/wp\/v2\/posts\/326095\/revisions\/326100"}],"wp:featuredmedia":[{"embeddable":true,"href":"https:\/\/archive.sana.sy\/tr\/index.php?rest_route=\/wp\/v2\/media\/326098"}],"wp:attachment":[{"href":"https:\/\/archive.sana.sy\/tr\/index.php?rest_route=%2Fwp%2Fv2%2Fmedia&parent=326095"}],"wp:term":[{"taxonomy":"category","embeddable":true,"href":"https:\/\/archive.sana.sy\/tr\/index.php?rest_route=%2Fwp%2Fv2%2Fcategories&post=326095"},{"taxonomy":"post_tag","embeddable":true,"href":"https:\/\/archive.sana.sy\/tr\/index.php?rest_route=%2Fwp%2Fv2%2Ftags&post=326095"}],"curies":[{"name":"wp","href":"https:\/\/api.w.org\/{rel}","templated":true}]}}