{"id":326101,"date":"2025-07-21T20:50:45","date_gmt":"2025-07-21T17:50:45","guid":{"rendered":"https:\/\/sana.sy\/tr\/?p=326101"},"modified":"2025-07-22T15:58:50","modified_gmt":"2025-07-22T12:58:50","slug":"sahil-olaylari-ulusal-sorusturma-ve-gercekleri-arastirma-komitesi-yarin-calisma-sonuclariyla-ilgili-basin-toplantisi-duzenleyecek","status":"publish","type":"post","link":"https:\/\/archive.sana.sy\/tr\/?p=326101","title":{"rendered":"Sahil Olaylar\u0131 Ulusal Soru\u015fturma ve Ger\u00e7ekleri Ara\u015ft\u0131rma Komitesi, Yar\u0131n \u00c7al\u0131\u015fma Sonu\u00e7lar\u0131yla \u0130lgili Bas\u0131n Toplant\u0131s\u0131 D\u00fczenleyecek"},"content":{"rendered":"<p style=\"text-align: justify;\"><span style=\"color: #ff0000;\"><strong>\u015eAM (SANA) &#8211;<\/strong><\/span> Sahil Olaylar\u0131 Ulusal Soru\u015fturma ve Ger\u00e7ekleri Ara\u015ft\u0131rma Komitesi, 22 Temmuz 2025 Sal\u0131 g\u00fcn\u00fc \u00e7al\u0131\u015fma y\u00f6ntemi ve mekanizmalar\u0131 ile ula\u015ft\u0131\u011f\u0131 ana sonu\u00e7lar ve \u00f6nerileri hakk\u0131nda kamuoyunu bilgilendirmek amac\u0131yla bir bas\u0131n toplant\u0131s\u0131 d\u00fczenleyece\u011fini duyurdu. Bu ad\u0131m, Cumhurba\u015fkanl\u0131\u011f\u0131 a\u00e7\u0131klamas\u0131 ve \u015feffafl\u0131\u011f\u0131 art\u0131rma ve ger\u00e7e\u011fi \u00f6\u011frenme hakk\u0131 taleplerine yan\u0131t olarak at\u0131lm\u0131\u015ft\u0131r.<\/p>\n<p style=\"text-align: justify;\">Komite bug\u00fcn yapt\u0131\u011f\u0131 bas\u0131n a\u00e7\u0131klamas\u0131nda, soru\u015fturma ve inceleme \u00e7al\u0131\u015fmalar\u0131n\u0131 resmen tamamlad\u0131\u011f\u0131n\u0131 ve sonu\u00e7lar\u0131 i\u00e7eren nihai raporunu 13 Temmuz 2025 tarihinde Suriye Arap Cumhuriyeti Cumhurba\u015fkan\u0131 Say\u0131n Ahmed El \u015eara sundu\u011funu belirtti.<\/p>\n<p style=\"text-align: justify;\">Komite, \u00e7al\u0131\u015fma s\u00fcresi olarak belirlenen d\u00f6rt ay boyunca farkl\u0131 k\u00f6yleri, mahalleleri ve b\u00f6lgeleri ziyaret etti\u011fini, olay yerlerini inceledi\u011fini, mezarl\u0131klar\u0131 ve \u00e7e\u015fitli defin alanlar\u0131n\u0131 tespit etti\u011fini: \u015fehirlerde, k\u00f6ylerde ve mahallelerde y\u00fczlerce ki\u015fiyle g\u00f6r\u00fc\u015fmeler yapt\u0131\u011f\u0131n\u0131; aile bireyleri, resmi yetkililer ve olaylarla ba\u011flant\u0131l\u0131 ki\u015filerden ayr\u0131 ayr\u0131 oturumlarda tan\u0131kl\u0131k dinledi\u011fini ve ifadeleri yasal prosed\u00fcrlere, komitenin yetki alanlar\u0131na ve kriterlerine uygun \u015fekilde kaydetti\u011fini a\u00e7\u0131klad\u0131.<\/p>\n<p style=\"text-align: justify;\">Komite ayr\u0131ca, Birle\u015fmi\u015f Milletler\u2019in ilgili uluslararas\u0131 kurumlar\u0131yla yo\u011fun isti\u015fareler ger\u00e7ekle\u015ftirdi\u011fini, toplant\u0131lar ve s\u00fcrekli yaz\u0131\u015fmalar yoluyla soru\u015fturmada en iyi y\u00f6ntemlerin, standartlar\u0131n ve prosed\u00fcrlerin benimsenmesi \u00fczerine de\u011ferlendirmelerde bulundu\u011funu ifade etti.<\/p>\n<p style=\"text-align: justify;\">Komitenin vard\u0131\u011f\u0131 sonu\u00e7lar\u0131n: inceledi\u011fi bilgi, belge, rapor, ifadeler ile g\u00f6rsel ve say\u0131sal delillere dayand\u0131\u011f\u0131 belirtildi.<\/p>\n<p>Komite, kendisiyle i\u015f birli\u011fi yapan herkese te\u015fekk\u00fcrlerini sunarken, sivil halk ve resmi g\u00fc\u00e7ler aras\u0131ndaki kay\u0131plar\u0131n ailelerine ba\u015fsa\u011fl\u0131\u011f\u0131 dileklerini iletti ve adaletin sa\u011flanmas\u0131 ile ma\u011fdurlar\u0131n haklar\u0131n\u0131n korunmas\u0131n\u0131n \u00f6nemine olan g\u00fc\u00e7l\u00fc inanc\u0131n\u0131 vurgulad\u0131.<\/p>\n","protected":false},"excerpt":{"rendered":"<p>\u015eAM (SANA) &#8211; Sahil Olaylar\u0131 Ulusal Soru\u015fturma ve Ger\u00e7ekleri Ara\u015ft\u0131rma Komitesi, 22 Temmuz 2025 Sal\u0131 g\u00fcn\u00fc \u00e7al\u0131\u015fma y\u00f6ntemi ve mekanizmalar\u0131 ile ula\u015ft\u0131\u011f\u0131 ana sonu\u00e7lar ve \u00f6nerileri hakk\u0131nda kamuoyunu bilgilendirmek amac\u0131yla bir bas\u0131n toplant\u0131s\u0131 d\u00fczenleyece\u011fini duyurdu. Bu ad\u0131m, Cumhurba\u015fkanl\u0131\u011f\u0131 a\u00e7\u0131klamas\u0131 ve \u015feffafl\u0131\u011f\u0131 art\u0131rma ve ger\u00e7e\u011fi \u00f6\u011frenme hakk\u0131 taleplerine yan\u0131t olarak at\u0131lm\u0131\u015ft\u0131r. Komite bug\u00fcn yapt\u0131\u011f\u0131 bas\u0131n a\u00e7\u0131klamas\u0131nda, &hellip;<\/p>\n","protected":false},"author":41,"featured_media":326102,"comment_status":"closed","ping_status":"closed","sticky":false,"template":"","format":"standard","meta":{"footnotes":""},"categories":[479,478],"tags":[],"class_list":["post-326101","post","type-post","status-publish","format-standard","has-post-thumbnail","","category-haberler-yerel","category-yerel"],"_links":{"self":[{"href":"https:\/\/archive.sana.sy\/tr\/index.php?rest_route=\/wp\/v2\/posts\/326101","targetHints":{"allow":["GET"]}}],"collection":[{"href":"https:\/\/archive.sana.sy\/tr\/index.php?rest_route=\/wp\/v2\/posts"}],"about":[{"href":"https:\/\/archive.sana.sy\/tr\/index.php?rest_route=\/wp\/v2\/types\/post"}],"author":[{"embeddable":true,"href":"https:\/\/archive.sana.sy\/tr\/index.php?rest_route=\/wp\/v2\/users\/41"}],"replies":[{"embeddable":true,"href":"https:\/\/archive.sana.sy\/tr\/index.php?rest_route=%2Fwp%2Fv2%2Fcomments&post=326101"}],"version-history":[{"count":2,"href":"https:\/\/archive.sana.sy\/tr\/index.php?rest_route=\/wp\/v2\/posts\/326101\/revisions"}],"predecessor-version":[{"id":326113,"href":"https:\/\/archive.sana.sy\/tr\/index.php?rest_route=\/wp\/v2\/posts\/326101\/revisions\/326113"}],"wp:featuredmedia":[{"embeddable":true,"href":"https:\/\/archive.sana.sy\/tr\/index.php?rest_route=\/wp\/v2\/media\/326102"}],"wp:attachment":[{"href":"https:\/\/archive.sana.sy\/tr\/index.php?rest_route=%2Fwp%2Fv2%2Fmedia&parent=326101"}],"wp:term":[{"taxonomy":"category","embeddable":true,"href":"https:\/\/archive.sana.sy\/tr\/index.php?rest_route=%2Fwp%2Fv2%2Fcategories&post=326101"},{"taxonomy":"post_tag","embeddable":true,"href":"https:\/\/archive.sana.sy\/tr\/index.php?rest_route=%2Fwp%2Fv2%2Ftags&post=326101"}],"curies":[{"name":"wp","href":"https:\/\/api.w.org\/{rel}","templated":true}]}}