{"id":326104,"date":"2025-07-21T20:59:32","date_gmt":"2025-07-21T17:59:32","guid":{"rendered":"https:\/\/sana.sy\/tr\/?p=326104"},"modified":"2025-07-21T20:59:32","modified_gmt":"2025-07-21T17:59:32","slug":"savunma-bakani-suriye-arap-ordusu-sehitlerinin-ailelerine-bassagligi-yaralilara-gecmis-olsun-dileklerini-iletti","status":"publish","type":"post","link":"https:\/\/archive.sana.sy\/tr\/?p=326104","title":{"rendered":"Savunma Bakan\u0131, Suriye Arap Ordusu \u015eehitlerinin Ailelerine Ba\u015fsa\u011fl\u0131\u011f\u0131, Yaral\u0131lara Ge\u00e7mi\u015f Olsun Dileklerini \u0130letti"},"content":{"rendered":"<p style=\"text-align: justify;\"><span style=\"color: #ff0000;\"><strong>\u015eAM (SANA) &#8211;<\/strong><\/span> Savunma Bakan\u0131 T\u00fcmgeneral Murhaf Ebu Kasra, Suriye Arap Ordusu \u015fehitlerinin ailelerine taziyelerini iletirken, yaral\u0131lara da ge\u00e7mi\u015f olsun dileklerini sundu.<\/p>\n<p style=\"text-align: justify;\">Bakan Ebu Kasra, (X) platformunda yapt\u0131\u011f\u0131 payla\u015f\u0131mda, \u201cBug\u00fcn Savunma Bakanl\u0131\u011f\u0131 \u00f6n\u00fcnde, vatan topraklar\u0131na d\u00f6k\u00fclen temiz kanlar\u0131n \u00f6n\u00fcnde sayg\u0131yla duruyoruz. Bu kanlar, nesiller boyu s\u00fcregelen kahramanl\u0131k tarihimize yeni bir sayfa ekledi.\u201d dedi.<\/p>\n<p style=\"text-align: justify;\">Bakan Ayr\u0131ca, \u201cD\u00f6nemin a\u011f\u0131r y\u00fck\u00fcn\u00fc ta\u015f\u0131yan kahramanlar\u0131m\u0131za sayg\u0131 ile e\u011filiyoruz. Onlar, bombard\u0131man ve hain sald\u0131r\u0131lara kar\u015f\u0131 dimdik durdu, egemenli\u011fimizin dokunulmaz oldu\u011funu bilerek m\u00fccadeleyi s\u00fcrd\u00fcrd\u00fc.\u201d ifadelerini kulland\u0131.<\/p>\n<p style=\"text-align: justify;\">Savunma Bakan\u0131 s\u00f6zlerine \u015f\u00f6yle devam etti: \u201cBug\u00fcn, \u00e7ocuklar\u0131n\u0131 Suriye\u2019nin topraklar\u0131, kararlar\u0131 ve egemenli\u011fi i\u00e7in feda eden \u015fehit ailelerine ba\u015fsa\u011fl\u0131\u011f\u0131 dileklerimizi iletiyoruz. Bu fedak\u00e2rl\u0131klar g\u00f6z\u00fcm\u00fczden ka\u00e7m\u0131yor, aksine \u00f6n\u00fcm\u00fczdeki ad\u0131mlar\u0131n temelini olu\u015fturuyor ve bizlere g\u00fc\u00e7 veriyor. Yaral\u0131lar\u0131m\u0131za ise en k\u0131sa s\u00fcrede iyile\u015fmelerini diliyoruz; onlar ac\u0131lar\u0131na ra\u011fmen direni\u015flerini s\u00fcrd\u00fcr\u00fcyorlar.\u201d<\/p>\n<p style=\"text-align: justify;\">Bakan, \u015fehitlerin a\u00e7t\u0131\u011f\u0131 yolun devam edece\u011fini, Suriye\u2019nin g\u00fcc\u00fcnden ve ba\u011f\u0131ms\u0131zl\u0131\u011f\u0131ndan asla sapmayaca\u011f\u0131n\u0131 vurgulayarak, s\u00f6zlerini \u015fu \u015fekilde noktalad\u0131: \u201c\u015eehitlerimize rahmet diliyoruz, onlar\u0131n yoluna ba\u011fl\u0131y\u0131z ve bu ba\u011fl\u0131l\u0131k bizim i\u00e7in kutsal bir and\u0131r.\u201d<\/p>\n","protected":false},"excerpt":{"rendered":"<p>\u015eAM (SANA) &#8211; Savunma Bakan\u0131 T\u00fcmgeneral Murhaf Ebu Kasra, Suriye Arap Ordusu \u015fehitlerinin ailelerine taziyelerini iletirken, yaral\u0131lara da ge\u00e7mi\u015f olsun dileklerini sundu. Bakan Ebu Kasra, (X) platformunda yapt\u0131\u011f\u0131 payla\u015f\u0131mda, \u201cBug\u00fcn Savunma Bakanl\u0131\u011f\u0131 \u00f6n\u00fcnde, vatan topraklar\u0131na d\u00f6k\u00fclen temiz kanlar\u0131n \u00f6n\u00fcnde sayg\u0131yla duruyoruz. Bu kanlar, nesiller boyu s\u00fcregelen kahramanl\u0131k tarihimize yeni bir sayfa ekledi.\u201d dedi. Bakan Ayr\u0131ca, &hellip;<\/p>\n","protected":false},"author":41,"featured_media":326105,"comment_status":"closed","ping_status":"closed","sticky":false,"template":"","format":"standard","meta":{"footnotes":""},"categories":[589,479,17988,478],"tags":[],"class_list":["post-326104","post","type-post","status-publish","format-standard","has-post-thumbnail","","category-haber-seridi","category-haberler-yerel","category-son-haberler","category-yerel"],"_links":{"self":[{"href":"https:\/\/archive.sana.sy\/tr\/index.php?rest_route=\/wp\/v2\/posts\/326104","targetHints":{"allow":["GET"]}}],"collection":[{"href":"https:\/\/archive.sana.sy\/tr\/index.php?rest_route=\/wp\/v2\/posts"}],"about":[{"href":"https:\/\/archive.sana.sy\/tr\/index.php?rest_route=\/wp\/v2\/types\/post"}],"author":[{"embeddable":true,"href":"https:\/\/archive.sana.sy\/tr\/index.php?rest_route=\/wp\/v2\/users\/41"}],"replies":[{"embeddable":true,"href":"https:\/\/archive.sana.sy\/tr\/index.php?rest_route=%2Fwp%2Fv2%2Fcomments&post=326104"}],"version-history":[{"count":1,"href":"https:\/\/archive.sana.sy\/tr\/index.php?rest_route=\/wp\/v2\/posts\/326104\/revisions"}],"predecessor-version":[{"id":326106,"href":"https:\/\/archive.sana.sy\/tr\/index.php?rest_route=\/wp\/v2\/posts\/326104\/revisions\/326106"}],"wp:featuredmedia":[{"embeddable":true,"href":"https:\/\/archive.sana.sy\/tr\/index.php?rest_route=\/wp\/v2\/media\/326105"}],"wp:attachment":[{"href":"https:\/\/archive.sana.sy\/tr\/index.php?rest_route=%2Fwp%2Fv2%2Fmedia&parent=326104"}],"wp:term":[{"taxonomy":"category","embeddable":true,"href":"https:\/\/archive.sana.sy\/tr\/index.php?rest_route=%2Fwp%2Fv2%2Fcategories&post=326104"},{"taxonomy":"post_tag","embeddable":true,"href":"https:\/\/archive.sana.sy\/tr\/index.php?rest_route=%2Fwp%2Fv2%2Ftags&post=326104"}],"curies":[{"name":"wp","href":"https:\/\/api.w.org\/{rel}","templated":true}]}}