{"id":326110,"date":"2025-07-22T08:41:07","date_gmt":"2025-07-22T05:41:07","guid":{"rendered":"https:\/\/sana.sy\/tr\/?p=326110"},"modified":"2025-07-22T17:13:25","modified_gmt":"2025-07-22T14:13:25","slug":"enformasyon-bakani-devlet-suveydada-guvenlik-ve-istikrari-saglamak-icin-calisiyor","status":"publish","type":"post","link":"https:\/\/archive.sana.sy\/tr\/?p=326110","title":{"rendered":"Enformasyon Bakan\u0131: Devlet, S\u00fcveyda&#8217;da G\u00fcvenlik ve \u0130stikrar\u0131 Sa\u011flamak \u0130\u00e7in \u00c7al\u0131\u015f\u0131yor"},"content":{"rendered":"<p style=\"text-align: justify;\"><span style=\"color: #ff0000;\"><strong>\u015eAM (SANA) <\/strong><\/span>\u00a0\u2013 Suriye Enformasyon Bakan\u0131 Dr. Hamza El Mustafa, \u00e7at\u0131\u015fmalar\u0131n sona ermesinin ard\u0131ndan devletin S\u00fcveyda ilinde g\u00fcvenlik ve istikrar\u0131 sa\u011flamak amac\u0131yla yo\u011fun \u00e7aba g\u00f6sterdi\u011fini belirtirken, g\u00fcvenlik g\u00fc\u00e7lerinin yerel topluluklar aras\u0131ndaki gerilimi sonland\u0131rmak i\u00e7in yeniden konu\u015flanma operasyonu y\u00fcr\u00fctt\u00fc\u011f\u00fcn\u00fc a\u00e7\u0131klad\u0131.<\/p>\n<p style=\"text-align: justify;\" data-start=\"493\" data-end=\"949\">Dr. Mustafa, El Cezire televizyonuna verdi\u011fi r\u00f6portajda, S\u00fcveyda\u2019daki krizin ba\u015flang\u0131\u00e7ta yasa d\u0131\u015f\u0131 gruplar ile a\u015firet g\u00fc\u00e7leri aras\u0131nda ya\u015fanan bir \u00e7at\u0131\u015fma oldu\u011funu, ancak daha sonra \u0130srail\u2019in m\u00fcdahalesiyle ve d\u0131\u015f destek aray\u0131\u015f\u0131ndaki gruplara verilen destekle durumun daha da karma\u015f\u0131kla\u015ft\u0131\u011f\u0131n\u0131 ifade etti. Bu d\u0131\u015f m\u00fcdahalelerin, ko\u015fullar dayatmak amac\u0131yla kullan\u0131ld\u0131\u011f\u0131n\u0131 ve \u00e7at\u0131\u015fman\u0131n ilin \u00f6tesine ta\u015f\u0131narak daha geni\u015f bir t\u0131rman\u0131\u015fa neden oldu\u011funu vurgulad\u0131.<\/p>\n<p style=\"text-align: justify;\" data-start=\"951\" data-end=\"1312\">Bakan Mustafa, devletin arabulucular\u0131n ate\u015fkes ve yeniden konu\u015flanma \u00e7a\u011fr\u0131lar\u0131na olumlu yan\u0131t verdi\u011fini, g\u00fcvenlik g\u00fc\u00e7lerinin ihtilafl\u0131 b\u00f6lgelere konu\u015fland\u0131r\u0131lmas\u0131 yoluyla t\u00fcm vatanda\u015flar\u0131n korunmas\u0131n\u0131n hedeflendi\u011fini belirtti. Bu \u00e7abalar\u0131n, \u015fehir merkezinden uzak baz\u0131 b\u00f6lgeler hari\u00e7 olmak \u00fczere, \u00e7at\u0131\u015fmalar\u0131n b\u00fcy\u00fck \u00f6l\u00e7\u00fcde yat\u0131\u015fmas\u0131na katk\u0131 sa\u011flad\u0131\u011f\u0131n\u0131 s\u00f6yledi.<\/p>\n<p style=\"text-align: justify;\" data-start=\"1314\" data-end=\"1583\">Enformasyon Bakan\u0131, baz\u0131 yasa d\u0131\u015f\u0131 gruplar\u0131n engelleme giri\u015fimlerine ra\u011fmen Suriye\u2019ye insani yard\u0131mlar\u0131n ula\u015fmaya ba\u015flad\u0131\u011f\u0131n\u0131 aktararak, Sa\u011fl\u0131k ve Sosyal \u0130\u015fler Bakanl\u0131\u011f\u0131 taraf\u0131ndan g\u00f6nderilen yard\u0131m konvoyunun baz\u0131 taraflar\u0131n provokasyonlar\u0131na maruz kald\u0131\u011f\u0131n\u0131 kaydetti.<\/p>\n<p style=\"text-align: justify;\" data-start=\"1585\" data-end=\"1803\">Bakan Mustafa ayr\u0131ca, S\u00fcveyda\u2019da elektrik ve telekom\u00fcnikasyon altyap\u0131s\u0131n\u0131n onar\u0131lmaya ba\u015fland\u0131\u011f\u0131n\u0131 belirterek, bu ad\u0131mlar\u0131n ilin istikrar\u0131na katk\u0131 sa\u011flayaca\u011f\u0131n\u0131 ve siyasi \u00e7\u00f6z\u00fcmler i\u00e7in zemin haz\u0131rlayaca\u011f\u0131n\u0131 ifade etti.<\/p>\n<p style=\"text-align: justify;\" data-start=\"1805\" data-end=\"2105\">S\u00fcveyda\u2019da mezhepsel kantonlar kurma giri\u015fimlerine kar\u015f\u0131 uyar\u0131da bulunan El Mustafa, bu e\u011filimlerin yeni olmad\u0131\u011f\u0131n\u0131, ancak Suriye halk\u0131n\u0131n tarih boyunca bu t\u00fcr b\u00f6l\u00fcc\u00fc planlar\u0131n \u00fcstesinden geldi\u011fini vurgulad\u0131. Ayn\u0131 zamanda, S\u00fcveyda\u2019daki baz\u0131 gruplar\u0131n siyasi \u00e7\u00f6z\u00fcm yollar\u0131n\u0131 reddetti\u011fini dile getirdi.<\/p>\n<p style=\"text-align: justify;\" data-start=\"2107\" data-end=\"2392\">Devletin son alt\u0131 ayd\u0131r siyasi \u00e7\u00f6z\u00fcmlere a\u00e7\u0131k oldu\u011funu vurgulayan Bakan, \u015eeyh El Hajri\u2019nin adli polisle ilgili talepleri de dahil olmak \u00fczere t\u00fcm giri\u015fimlere olumlu yan\u0131t verildi\u011fini, ancak baz\u0131 taraflar\u0131n anla\u015fmalardan cayarak kas\u0131tl\u0131 bi\u00e7imde d\u0131\u015f m\u00fcdahale aray\u0131\u015f\u0131na girdi\u011fini s\u00f6yledi.<\/p>\n<p style=\"text-align: justify;\" data-start=\"2394\" data-end=\"2785\">Sosyal medyada mezhep\u00e7i k\u0131\u015fk\u0131rtmalara da de\u011finen Mustafa, her g\u00fcn yanl\u0131\u015f ve yan\u0131lt\u0131c\u0131 i\u00e7erik yayan yakla\u015f\u0131k 10.000 sahte hesab\u0131n tespit edildi\u011fini bildirdi. Bu hesaplar\u0131n d\u00f6rt farkl\u0131 \u00fclkede bulundu\u011funu belirten Bakan, Enformasyon Bakanl\u0131\u011f\u0131\u2019n\u0131n bu hesaplar\u0131n kapat\u0131lmas\u0131 y\u00f6n\u00fcnde \u00e7al\u0131\u015fmalar\u0131n\u0131 s\u00fcrd\u00fcrd\u00fc\u011f\u00fcn\u00fc, ayr\u0131ca devleti destekler gibi g\u00f6r\u00fcnen b\u00f6l\u00fcc\u00fc s\u00f6ylemler konusunda da kamuoyunu uyard\u0131.<\/p>\n<p style=\"text-align: justify;\" data-start=\"2787\" data-end=\"3080\">El Mustafa, S\u00fcveyda\u2019n\u0131n Suriye\u2019nin ayr\u0131lmaz bir par\u00e7as\u0131 oldu\u011funu belirterek, il halk\u0131n\u0131n mevcut durumu yeniden de\u011ferlendirece\u011fine ve \u00fclkenin birli\u011fine katk\u0131da bulunaca\u011f\u0131na inand\u0131\u011f\u0131n\u0131 ifade etti. T\u00fcm zorluklara ra\u011fmen devletin ulusal uzla\u015f\u0131 politikas\u0131n\u0131 kararl\u0131l\u0131kla s\u00fcrd\u00fcrd\u00fc\u011f\u00fcn\u00fcn alt\u0131n\u0131 \u00e7izdi.<\/p>\n<p style=\"text-align: justify;\" data-start=\"3082\" data-end=\"3317\">Sahil b\u00f6lgesindeki olaylar\u0131 ara\u015ft\u0131ran komisyonun \u00e7al\u0131\u015fmalar\u0131yla ilgili bir soruya yan\u0131t veren Bakan Mustafa, komisyonun nihai raporunu sunduktan sonra yar\u0131n bir bas\u0131n toplant\u0131s\u0131 d\u00fczenleyerek sonu\u00e7lar\u0131 kamuoyuyla payla\u015faca\u011f\u0131n\u0131 a\u00e7\u0131klad\u0131.<\/p>\n","protected":false},"excerpt":{"rendered":"<p>\u015eAM (SANA) \u00a0\u2013 Suriye Enformasyon Bakan\u0131 Dr. Hamza El Mustafa, \u00e7at\u0131\u015fmalar\u0131n sona ermesinin ard\u0131ndan devletin S\u00fcveyda ilinde g\u00fcvenlik ve istikrar\u0131 sa\u011flamak amac\u0131yla yo\u011fun \u00e7aba g\u00f6sterdi\u011fini belirtirken, g\u00fcvenlik g\u00fc\u00e7lerinin yerel topluluklar aras\u0131ndaki gerilimi sonland\u0131rmak i\u00e7in yeniden konu\u015flanma operasyonu y\u00fcr\u00fctt\u00fc\u011f\u00fcn\u00fc a\u00e7\u0131klad\u0131. Dr. Mustafa, El Cezire televizyonuna verdi\u011fi r\u00f6portajda, S\u00fcveyda\u2019daki krizin ba\u015flang\u0131\u00e7ta yasa d\u0131\u015f\u0131 gruplar ile a\u015firet g\u00fc\u00e7leri &hellip;<\/p>\n","protected":false},"author":36,"featured_media":326111,"comment_status":"closed","ping_status":"closed","sticky":false,"template":"","format":"standard","meta":{"footnotes":""},"categories":[589,479,17988,478],"tags":[],"class_list":["post-326110","post","type-post","status-publish","format-standard","has-post-thumbnail","","category-haber-seridi","category-haberler-yerel","category-son-haberler","category-yerel"],"_links":{"self":[{"href":"https:\/\/archive.sana.sy\/tr\/index.php?rest_route=\/wp\/v2\/posts\/326110","targetHints":{"allow":["GET"]}}],"collection":[{"href":"https:\/\/archive.sana.sy\/tr\/index.php?rest_route=\/wp\/v2\/posts"}],"about":[{"href":"https:\/\/archive.sana.sy\/tr\/index.php?rest_route=\/wp\/v2\/types\/post"}],"author":[{"embeddable":true,"href":"https:\/\/archive.sana.sy\/tr\/index.php?rest_route=\/wp\/v2\/users\/36"}],"replies":[{"embeddable":true,"href":"https:\/\/archive.sana.sy\/tr\/index.php?rest_route=%2Fwp%2Fv2%2Fcomments&post=326110"}],"version-history":[{"count":2,"href":"https:\/\/archive.sana.sy\/tr\/index.php?rest_route=\/wp\/v2\/posts\/326110\/revisions"}],"predecessor-version":[{"id":326144,"href":"https:\/\/archive.sana.sy\/tr\/index.php?rest_route=\/wp\/v2\/posts\/326110\/revisions\/326144"}],"wp:featuredmedia":[{"embeddable":true,"href":"https:\/\/archive.sana.sy\/tr\/index.php?rest_route=\/wp\/v2\/media\/326111"}],"wp:attachment":[{"href":"https:\/\/archive.sana.sy\/tr\/index.php?rest_route=%2Fwp%2Fv2%2Fmedia&parent=326110"}],"wp:term":[{"taxonomy":"category","embeddable":true,"href":"https:\/\/archive.sana.sy\/tr\/index.php?rest_route=%2Fwp%2Fv2%2Fcategories&post=326110"},{"taxonomy":"post_tag","embeddable":true,"href":"https:\/\/archive.sana.sy\/tr\/index.php?rest_route=%2Fwp%2Fv2%2Ftags&post=326110"}],"curies":[{"name":"wp","href":"https:\/\/api.w.org\/{rel}","templated":true}]}}