{"id":326114,"date":"2025-07-22T11:06:40","date_gmt":"2025-07-22T08:06:40","guid":{"rendered":"https:\/\/sana.sy\/tr\/?p=326114"},"modified":"2025-07-22T17:10:17","modified_gmt":"2025-07-22T14:10:17","slug":"ingiltere-disisleri-bakani-suriyenin-istikrari-ingilterenin-ulusal-cikarlari-acisindan-onemlidir","status":"publish","type":"post","link":"https:\/\/archive.sana.sy\/tr\/?p=326114","title":{"rendered":"\u0130ngiltere D\u0131\u015fi\u015fleri Bakan\u0131: Suriye&#8217;nin \u0130stikrar\u0131 \u0130ngiltere&#8217;nin Ulusal \u00c7\u0131karlar\u0131 A\u00e7\u0131s\u0131ndan \u00d6nemlidir"},"content":{"rendered":"<p style=\"text-align: justify;\"><span style=\"color: #ff0000;\"><strong>LONDRA (SANA) <\/strong><\/span>\u2013 \u0130ngiltere D\u0131\u015fi\u015fleri Bakan\u0131 David Lammy, Suriye&#8217;deki istikrar\u0131n Birle\u015fik Krall\u0131k\u2019\u0131n ulusal \u00e7\u0131karlar\u0131 a\u00e7\u0131s\u0131ndan hayati \u00f6neme sahip oldu\u011funu belirterek, bu durumun ter\u00f6rle m\u00fccadele, b\u00f6lgesel g\u00fcvenlik ve yasad\u0131\u015f\u0131 g\u00f6\u00e7 gibi temel meseleleri do\u011frudan etkiledi\u011fini vurgulad\u0131.<\/p>\n<p style=\"text-align: justify;\" data-start=\"433\" data-end=\"852\">\u0130ngiliz h\u00fck\u00fcmetinin resmi internet sitesinde yay\u0131mlanan ve Avam Kamaras\u0131\u2019nda yapt\u0131\u011f\u0131 konu\u015fmada Lammy, G\u00fcney Suriye\u2019deki geli\u015fmeler ile \u0130srail\u2019in hava sald\u0131r\u0131lar\u0131n\u0131n e\u015flik etti\u011fi gerilimin h\u0131zla t\u0131rmanmas\u0131ndan duydu\u011fu derin endi\u015feyi dile getirdi. Bu ba\u011flamda, ate\u015fkesin sa\u011flanmas\u0131, Suriyelilerin haklar\u0131n\u0131n korunmas\u0131 ve ya\u015fanan olaylar\u0131n kapsaml\u0131 \u015fekilde soru\u015fturularak sorumlular\u0131n hesap vermesi gerekti\u011fini ifade etti.<\/p>\n<p style=\"text-align: justify;\" data-start=\"854\" data-end=\"1088\">Bakan Lammy ayr\u0131ca, Suriye&#8217;nin egemenli\u011fine sayg\u0131 g\u00f6sterilmesi ve insani yard\u0131mlar\u0131n yeniden ula\u015ft\u0131r\u0131lmaya ba\u015flanmas\u0131 gerekti\u011fini belirtti. \u201cBirle\u015fik Krall\u0131k, uzun y\u0131llard\u0131r Suriye halk\u0131na sa\u011flad\u0131\u011f\u0131 destekten gurur duymaktad\u0131r,\u201d dedi.<\/p>\n<p style=\"text-align: justify;\" data-start=\"1090\" data-end=\"1360\">A\u015f\u0131r\u0131l\u0131k\u00e7\u0131l\u0131\u011f\u0131n ve mezhep\u00e7ili\u011fin reddedilmesi gerekti\u011fine dikkat \u00e7eken Lammy, b\u00f6lgedeki kaosun yay\u0131lmas\u0131n\u0131n \u00f6nlenmesinin \u00f6nemine vurgu yaparak, bu yakla\u015f\u0131m\u0131n \u0130ngiltere&#8217;yi &#8220;s\u00fcrd\u00fcr\u00fclebilir bir ate\u015fkes&#8221; ile &#8220;kapsay\u0131c\u0131 bir ge\u00e7i\u015f s\u00fcreci&#8221;ni desteklemeye y\u00f6neltti\u011fini kaydetti.<\/p>\n","protected":false},"excerpt":{"rendered":"<p>LONDRA (SANA) \u2013 \u0130ngiltere D\u0131\u015fi\u015fleri Bakan\u0131 David Lammy, Suriye&#8217;deki istikrar\u0131n Birle\u015fik Krall\u0131k\u2019\u0131n ulusal \u00e7\u0131karlar\u0131 a\u00e7\u0131s\u0131ndan hayati \u00f6neme sahip oldu\u011funu belirterek, bu durumun ter\u00f6rle m\u00fccadele, b\u00f6lgesel g\u00fcvenlik ve yasad\u0131\u015f\u0131 g\u00f6\u00e7 gibi temel meseleleri do\u011frudan etkiledi\u011fini vurgulad\u0131. \u0130ngiliz h\u00fck\u00fcmetinin resmi internet sitesinde yay\u0131mlanan ve Avam Kamaras\u0131\u2019nda yapt\u0131\u011f\u0131 konu\u015fmada Lammy, G\u00fcney Suriye\u2019deki geli\u015fmeler ile \u0130srail\u2019in hava sald\u0131r\u0131lar\u0131n\u0131n e\u015flik &hellip;<\/p>\n","protected":false},"author":36,"featured_media":326115,"comment_status":"closed","ping_status":"closed","sticky":false,"template":"","format":"standard","meta":{"footnotes":""},"categories":[458,589,459,17988],"tags":[],"class_list":["post-326114","post","type-post","status-publish","format-standard","has-post-thumbnail","","category-dunya1","category-haber-seridi","category-haberler-arap-uluslararasi-politika","category-son-haberler"],"_links":{"self":[{"href":"https:\/\/archive.sana.sy\/tr\/index.php?rest_route=\/wp\/v2\/posts\/326114","targetHints":{"allow":["GET"]}}],"collection":[{"href":"https:\/\/archive.sana.sy\/tr\/index.php?rest_route=\/wp\/v2\/posts"}],"about":[{"href":"https:\/\/archive.sana.sy\/tr\/index.php?rest_route=\/wp\/v2\/types\/post"}],"author":[{"embeddable":true,"href":"https:\/\/archive.sana.sy\/tr\/index.php?rest_route=\/wp\/v2\/users\/36"}],"replies":[{"embeddable":true,"href":"https:\/\/archive.sana.sy\/tr\/index.php?rest_route=%2Fwp%2Fv2%2Fcomments&post=326114"}],"version-history":[{"count":2,"href":"https:\/\/archive.sana.sy\/tr\/index.php?rest_route=\/wp\/v2\/posts\/326114\/revisions"}],"predecessor-version":[{"id":326143,"href":"https:\/\/archive.sana.sy\/tr\/index.php?rest_route=\/wp\/v2\/posts\/326114\/revisions\/326143"}],"wp:featuredmedia":[{"embeddable":true,"href":"https:\/\/archive.sana.sy\/tr\/index.php?rest_route=\/wp\/v2\/media\/326115"}],"wp:attachment":[{"href":"https:\/\/archive.sana.sy\/tr\/index.php?rest_route=%2Fwp%2Fv2%2Fmedia&parent=326114"}],"wp:term":[{"taxonomy":"category","embeddable":true,"href":"https:\/\/archive.sana.sy\/tr\/index.php?rest_route=%2Fwp%2Fv2%2Fcategories&post=326114"},{"taxonomy":"post_tag","embeddable":true,"href":"https:\/\/archive.sana.sy\/tr\/index.php?rest_route=%2Fwp%2Fv2%2Ftags&post=326114"}],"curies":[{"name":"wp","href":"https:\/\/api.w.org\/{rel}","templated":true}]}}