{"id":326117,"date":"2025-07-22T11:36:02","date_gmt":"2025-07-22T08:36:02","guid":{"rendered":"https:\/\/sana.sy\/tr\/?p=326117"},"modified":"2025-07-22T17:07:29","modified_gmt":"2025-07-22T14:07:29","slug":"acsad-suudi-arabistan-cevre-bakanligi-ile-anlasma-imzaladi","status":"publish","type":"post","link":"https:\/\/archive.sana.sy\/tr\/?p=326117","title":{"rendered":"ACSAD, Suudi Arabistan \u00c7evre Bakanl\u0131\u011f\u0131 \u0130le Anla\u015fma \u0130mzalad\u0131"},"content":{"rendered":"<p style=\"text-align: justify;\"><span style=\"color: #ff0000;\"><strong>\u015eAM (SANA) &#8211; <\/strong><\/span>Arap Kurak B\u00f6lgeler ve Kurak Alanlar Ara\u015ft\u0131rmalar\u0131 Merkezi (ACSAD) ile Suudi Arabistan \u00c7evre, Su ve Tar\u0131m Bakanl\u0131\u011f\u0131 aras\u0131nda, b\u00f6lgesel i\u015f birli\u011fini g\u00fc\u00e7lendirme amac\u0131yla Riyad&#8217;da daimi bir ACSAD ofisinin kurulmas\u0131n\u0131 \u00f6ng\u00f6ren bir i\u015f birli\u011fi anla\u015fmas\u0131 imzaland\u0131.<\/p>\n<p style=\"text-align: justify;\" data-start=\"366\" data-end=\"545\">Anla\u015fma, Suudi Arabistan ad\u0131na \u00c7evre, Su ve Tar\u0131m Bakan\u0131 M\u00fchendis Abdurrahman bin Abdulmohsen El-Fadli, ACSAD ad\u0131na ise Genel Direkt\u00f6r Dr. Nasreddin El-Ubaid taraf\u0131ndan imzaland\u0131.<\/p>\n<p style=\"text-align: justify;\" data-start=\"547\" data-end=\"1000\">Bu anla\u015fma kapsam\u0131nda, merkezin Suudi Arabistan Krall\u0131\u011f\u0131&#8217;ndaki faaliyetlerinin kolayla\u015ft\u0131r\u0131lmas\u0131, su ve toprak kaynaklar\u0131n\u0131n daha verimli kullan\u0131lmas\u0131 ve ACSAD&#8217;\u0131n bilimsel ve teknik uzmanl\u0131\u011f\u0131ndan faydalan\u0131lmas\u0131 hedefleniyor. Ayr\u0131ca, Riyad\u2019da kurulacak ofisin faaliyetlerini d\u00fczenleyen yasal \u00e7er\u00e7evenin belirlenmesi ve merkez personeline g\u00f6revlerini en iyi \u015fekilde yerine getirebilmeleri i\u00e7in gerekli ayr\u0131cal\u0131klar\u0131n ve olanaklar\u0131n sa\u011flanmas\u0131 \u00f6ng\u00f6r\u00fcl\u00fcyor.<\/p>\n<p style=\"text-align: justify;\" data-start=\"1002\" data-end=\"1195\">Anla\u015fma ile merkezin hedeflerine ula\u015fmas\u0131na, projelerinin etkin bir \u015fekilde uygulanmas\u0131na ve Arap d\u00fcnyas\u0131nda ortak \u00e7evre ve tar\u0131m politikalar\u0131n\u0131n g\u00fc\u00e7lendirilmesine katk\u0131 sa\u011flanmas\u0131 ama\u00e7lan\u0131yor.<\/p>\n<p style=\"text-align: justify;\" data-start=\"1197\" data-end=\"1578\">Konuyla ilgili yapt\u0131\u011f\u0131 a\u00e7\u0131klamada Suudi Bakan El-Fadli, s\u00f6z konusu ad\u0131m\u0131n \u00e7evre ve tar\u0131m alanlar\u0131nda Arap \u00fclkeleri aras\u0131nda ortak \u00e7al\u0131\u015fmalar\u0131 destekledi\u011fini vurgularken, ACSAD&#8217;\u0131n Riyad\u2019daki b\u00f6lge ofisinin kurak ve yar\u0131 kurak b\u00f6lgelerde bilimsel ara\u015ft\u0131rma ve geli\u015ftirme faaliyetlerini te\u015fvik edece\u011fini, ayr\u0131ca bilgi ve uzmanl\u0131k payla\u015f\u0131m\u0131 i\u00e7in \u00f6nemli bir platform olaca\u011f\u0131n\u0131 belirtti.<\/p>\n","protected":false},"excerpt":{"rendered":"<p>\u015eAM (SANA) &#8211; Arap Kurak B\u00f6lgeler ve Kurak Alanlar Ara\u015ft\u0131rmalar\u0131 Merkezi (ACSAD) ile Suudi Arabistan \u00c7evre, Su ve Tar\u0131m Bakanl\u0131\u011f\u0131 aras\u0131nda, b\u00f6lgesel i\u015f birli\u011fini g\u00fc\u00e7lendirme amac\u0131yla Riyad&#8217;da daimi bir ACSAD ofisinin kurulmas\u0131n\u0131 \u00f6ng\u00f6ren bir i\u015f birli\u011fi anla\u015fmas\u0131 imzaland\u0131. Anla\u015fma, Suudi Arabistan ad\u0131na \u00c7evre, Su ve Tar\u0131m Bakan\u0131 M\u00fchendis Abdurrahman bin Abdulmohsen El-Fadli, ACSAD ad\u0131na ise &hellip;<\/p>\n","protected":false},"author":36,"featured_media":326118,"comment_status":"closed","ping_status":"closed","sticky":false,"template":"","format":"standard","meta":{"footnotes":""},"categories":[589,479,17988,478],"tags":[],"class_list":["post-326117","post","type-post","status-publish","format-standard","has-post-thumbnail","","category-haber-seridi","category-haberler-yerel","category-son-haberler","category-yerel"],"_links":{"self":[{"href":"https:\/\/archive.sana.sy\/tr\/index.php?rest_route=\/wp\/v2\/posts\/326117","targetHints":{"allow":["GET"]}}],"collection":[{"href":"https:\/\/archive.sana.sy\/tr\/index.php?rest_route=\/wp\/v2\/posts"}],"about":[{"href":"https:\/\/archive.sana.sy\/tr\/index.php?rest_route=\/wp\/v2\/types\/post"}],"author":[{"embeddable":true,"href":"https:\/\/archive.sana.sy\/tr\/index.php?rest_route=\/wp\/v2\/users\/36"}],"replies":[{"embeddable":true,"href":"https:\/\/archive.sana.sy\/tr\/index.php?rest_route=%2Fwp%2Fv2%2Fcomments&post=326117"}],"version-history":[{"count":2,"href":"https:\/\/archive.sana.sy\/tr\/index.php?rest_route=\/wp\/v2\/posts\/326117\/revisions"}],"predecessor-version":[{"id":326142,"href":"https:\/\/archive.sana.sy\/tr\/index.php?rest_route=\/wp\/v2\/posts\/326117\/revisions\/326142"}],"wp:featuredmedia":[{"embeddable":true,"href":"https:\/\/archive.sana.sy\/tr\/index.php?rest_route=\/wp\/v2\/media\/326118"}],"wp:attachment":[{"href":"https:\/\/archive.sana.sy\/tr\/index.php?rest_route=%2Fwp%2Fv2%2Fmedia&parent=326117"}],"wp:term":[{"taxonomy":"category","embeddable":true,"href":"https:\/\/archive.sana.sy\/tr\/index.php?rest_route=%2Fwp%2Fv2%2Fcategories&post=326117"},{"taxonomy":"post_tag","embeddable":true,"href":"https:\/\/archive.sana.sy\/tr\/index.php?rest_route=%2Fwp%2Fv2%2Ftags&post=326117"}],"curies":[{"name":"wp","href":"https:\/\/api.w.org\/{rel}","templated":true}]}}