{"id":326120,"date":"2025-07-22T14:09:53","date_gmt":"2025-07-22T11:09:53","guid":{"rendered":"https:\/\/sana.sy\/tr\/?p=326120"},"modified":"2025-07-22T14:09:53","modified_gmt":"2025-07-22T11:09:53","slug":"halk-meclisi-secimleri-yuksek-komitesi-sivil-toplumdan-bir-heyetle-gorustu","status":"publish","type":"post","link":"https:\/\/archive.sana.sy\/tr\/?p=326120","title":{"rendered":"Halk Meclisi Se\u00e7imleri Y\u00fcksek Komitesi, Sivil Toplumdan Bir Heyetle G\u00f6r\u00fc\u015ft\u00fc"},"content":{"rendered":"<p style=\"text-align: justify;\"><span style=\"color: #ff0000;\"><strong>\u015eAM (SANA) &#8211;<\/strong><\/span>\u00a0 Halk Meclisi Se\u00e7imleri Y\u00fcksek Komitesi, se\u00e7im sistemini g\u00f6r\u00fc\u015fmek \u00fczere \u015eam&#8217;daki Halk Meclisi binas\u0131nda sivil toplumdan olu\u015fan bir heyetle g\u00f6r\u00fc\u015ft\u00fc.<\/p>\n<div id='gallery-1' class='gallery galleryid-326120 gallery-columns-2 gallery-size-full'><figure class='gallery-item'>\n\t\t\t<div class='gallery-icon landscape'>\n\t\t\t\t<a href='https:\/\/archive.sana.sy\/tr\/wp-content\/uploads\/2025\/07\/111-10.jpg'><img loading=\"lazy\" decoding=\"async\" width=\"660\" height=\"372\" src=\"https:\/\/archive.sana.sy\/tr\/wp-content\/uploads\/2025\/07\/111-10.jpg\" class=\"attachment-full size-full\" alt=\"\" srcset=\"https:\/\/archive.sana.sy\/tr\/wp-content\/uploads\/2025\/07\/111-10.jpg 660w, https:\/\/archive.sana.sy\/tr\/wp-content\/uploads\/2025\/07\/111-10-300x169.jpg 300w\" sizes=\"auto, (max-width: 660px) 100vw, 660px\" \/><\/a>\n\t\t\t<\/div><\/figure><figure class='gallery-item'>\n\t\t\t<div class='gallery-icon landscape'>\n\t\t\t\t<a href='https:\/\/archive.sana.sy\/tr\/wp-content\/uploads\/2025\/07\/photo_2025-07-22_13-36-25.jpg'><img loading=\"lazy\" decoding=\"async\" width=\"660\" height=\"393\" src=\"https:\/\/archive.sana.sy\/tr\/wp-content\/uploads\/2025\/07\/photo_2025-07-22_13-36-25.jpg\" class=\"attachment-full size-full\" alt=\"\" srcset=\"https:\/\/archive.sana.sy\/tr\/wp-content\/uploads\/2025\/07\/photo_2025-07-22_13-36-25.jpg 660w, https:\/\/archive.sana.sy\/tr\/wp-content\/uploads\/2025\/07\/photo_2025-07-22_13-36-25-300x179.jpg 300w\" sizes=\"auto, (max-width: 660px) 100vw, 660px\" \/><\/a>\n\t\t\t<\/div><\/figure>\n\t\t<\/div>\n\n","protected":false},"excerpt":{"rendered":"<p>\u015eAM (SANA) &#8211;\u00a0 Halk Meclisi Se\u00e7imleri Y\u00fcksek Komitesi, se\u00e7im sistemini g\u00f6r\u00fc\u015fmek \u00fczere \u015eam&#8217;daki Halk Meclisi binas\u0131nda sivil toplumdan olu\u015fan bir heyetle g\u00f6r\u00fc\u015ft\u00fc.<\/p>\n","protected":false},"author":36,"featured_media":326123,"comment_status":"closed","ping_status":"closed","sticky":false,"template":"","format":"standard","meta":{"footnotes":""},"categories":[589,479,17988,478],"tags":[],"class_list":["post-326120","post","type-post","status-publish","format-standard","has-post-thumbnail","","category-haber-seridi","category-haberler-yerel","category-son-haberler","category-yerel"],"_links":{"self":[{"href":"https:\/\/archive.sana.sy\/tr\/index.php?rest_route=\/wp\/v2\/posts\/326120","targetHints":{"allow":["GET"]}}],"collection":[{"href":"https:\/\/archive.sana.sy\/tr\/index.php?rest_route=\/wp\/v2\/posts"}],"about":[{"href":"https:\/\/archive.sana.sy\/tr\/index.php?rest_route=\/wp\/v2\/types\/post"}],"author":[{"embeddable":true,"href":"https:\/\/archive.sana.sy\/tr\/index.php?rest_route=\/wp\/v2\/users\/36"}],"replies":[{"embeddable":true,"href":"https:\/\/archive.sana.sy\/tr\/index.php?rest_route=%2Fwp%2Fv2%2Fcomments&post=326120"}],"version-history":[{"count":1,"href":"https:\/\/archive.sana.sy\/tr\/index.php?rest_route=\/wp\/v2\/posts\/326120\/revisions"}],"predecessor-version":[{"id":326124,"href":"https:\/\/archive.sana.sy\/tr\/index.php?rest_route=\/wp\/v2\/posts\/326120\/revisions\/326124"}],"wp:featuredmedia":[{"embeddable":true,"href":"https:\/\/archive.sana.sy\/tr\/index.php?rest_route=\/wp\/v2\/media\/326123"}],"wp:attachment":[{"href":"https:\/\/archive.sana.sy\/tr\/index.php?rest_route=%2Fwp%2Fv2%2Fmedia&parent=326120"}],"wp:term":[{"taxonomy":"category","embeddable":true,"href":"https:\/\/archive.sana.sy\/tr\/index.php?rest_route=%2Fwp%2Fv2%2Fcategories&post=326120"},{"taxonomy":"post_tag","embeddable":true,"href":"https:\/\/archive.sana.sy\/tr\/index.php?rest_route=%2Fwp%2Fv2%2Ftags&post=326120"}],"curies":[{"name":"wp","href":"https:\/\/api.w.org\/{rel}","templated":true}]}}