{"id":326125,"date":"2025-07-22T14:14:58","date_gmt":"2025-07-22T11:14:58","guid":{"rendered":"https:\/\/sana.sy\/tr\/?p=326125"},"modified":"2025-07-22T16:47:19","modified_gmt":"2025-07-22T13:47:19","slug":"urdun-basbakani-suriye-hukumetiyle-iliskilerimiz-mukemmel-ve-suriyeli-kardeslerimizi-her-turlu-sekilde-destekliyoruz","status":"publish","type":"post","link":"https:\/\/archive.sana.sy\/tr\/?p=326125","title":{"rendered":"\u00dcrd\u00fcn Ba\u015fbakan\u0131: Suriyeli Karde\u015flerimizi Her T\u00fcrl\u00fc \u015eekilde Destekliyoruz"},"content":{"rendered":"<p style=\"text-align: justify;\" data-start=\"282\" data-end=\"508\"><span style=\"color: #ff0000;\"><strong data-start=\"282\" data-end=\"298\">AMMAN (SANA)<\/strong> <\/span>\u2013 \u00dcrd\u00fcn Ba\u015fbakan\u0131 Cafer Hasan, \u00dcrd\u00fcn ile Suriye h\u00fck\u00fcmetleri aras\u0131ndaki ikili ili\u015fkileri <em data-start=\"387\" data-end=\"405\">olumlu ve yap\u0131c\u0131<\/em> olarak nitelendirerek, \u00e7e\u015fitli sekt\u00f6rlerde kar\u015f\u0131l\u0131kl\u0131 i\u015f birli\u011fi ve isti\u015farelerin s\u00fcrd\u00fc\u011f\u00fcn\u00fc vurgulad\u0131.<\/p>\n<p style=\"text-align: justify;\" data-start=\"282\" data-end=\"508\">El Mamlaka televizyonunun haberine g\u00f6re Hasan, bug\u00fcn Cera\u015f&#8217;ta d\u00fczenlenen \u00dcrd\u00fcn Bakanlar Kurulu toplant\u0131s\u0131nda yapt\u0131\u011f\u0131 a\u00e7\u0131klamada, \u201c\u00dcrd\u00fcn, Suriyeli karde\u015flerimizin hedeflerine ula\u015fmalar\u0131nda t\u00fcm diplomatik yollarla yanlar\u0131nda yer al\u0131yor. Sivil savunma, teknik uzmanl\u0131k, insani yard\u0131m ve idari alanlar ba\u015fta olmak \u00fczere pek \u00e7ok konuda da i\u015f birli\u011fimizi s\u00fcrd\u00fcr\u00fcyoruz \u201d dedi.<\/p>\n<p style=\"text-align: justify;\" data-start=\"885\" data-end=\"1181\">Hasan, \u00dcrd\u00fcn\u2019\u00fcn g\u00fc\u00e7l\u00fc, istikrarl\u0131, refah i\u00e7inde ve toprak b\u00fct\u00fcnl\u00fc\u011f\u00fcn\u00fc koruyan bir Suriye\u2019yi destekledi\u011fini ifade ederek, G\u00fcney Suriye\u2019deki son geli\u015fmeler \u0131\u015f\u0131\u011f\u0131nda \u00dcrd\u00fcn\u2019\u00fcn \u00fcstlendi\u011fi \u00f6nemli diplomatik rol\u00fcn alt\u0131n\u0131 \u00e7izdi. Ayr\u0131ca, S\u00fcveyda s\u0131n\u0131r\u0131ndaki durumun istikrar y\u00f6n\u00fcnde ilerledi\u011fini belirtti.<\/p>\n<p style=\"text-align: justify;\" data-start=\"1183\" data-end=\"1289\">\u00dcrd\u00fcn\u2019\u00fcn gelece\u011fi ile Arap kom\u015fular\u0131n\u0131n gelece\u011finin birbirinden ayr\u0131 d\u00fc\u015f\u00fcn\u00fclemeyece\u011fini yineleyen Hasan,\u201cB\u00f6lgesel geli\u015fmelerin yans\u0131malar\u0131 kolay olmayacak; zira \u00e7evremizde herkesin a\u00e7\u0131k\u00e7a g\u00f6zlemleyebildi\u011fi k\u00f6kl\u00fc ve radikal d\u00f6n\u00fc\u015f\u00fcmler ya\u015fan\u0131yor\u201d ifadelerini kulland\u0131.<\/p>\n<p style=\"text-align: justify;\">\n","protected":false},"excerpt":{"rendered":"<p>AMMAN (SANA) \u2013 \u00dcrd\u00fcn Ba\u015fbakan\u0131 Cafer Hasan, \u00dcrd\u00fcn ile Suriye h\u00fck\u00fcmetleri aras\u0131ndaki ikili ili\u015fkileri olumlu ve yap\u0131c\u0131 olarak nitelendirerek, \u00e7e\u015fitli sekt\u00f6rlerde kar\u015f\u0131l\u0131kl\u0131 i\u015f birli\u011fi ve isti\u015farelerin s\u00fcrd\u00fc\u011f\u00fcn\u00fc vurgulad\u0131. El Mamlaka televizyonunun haberine g\u00f6re Hasan, bug\u00fcn Cera\u015f&#8217;ta d\u00fczenlenen \u00dcrd\u00fcn Bakanlar Kurulu toplant\u0131s\u0131nda yapt\u0131\u011f\u0131 a\u00e7\u0131klamada, \u201c\u00dcrd\u00fcn, Suriyeli karde\u015flerimizin hedeflerine ula\u015fmalar\u0131nda t\u00fcm diplomatik yollarla yanlar\u0131nda yer al\u0131yor. Sivil &hellip;<\/p>\n","protected":false},"author":36,"featured_media":326126,"comment_status":"closed","ping_status":"closed","sticky":false,"template":"","format":"standard","meta":{"footnotes":""},"categories":[458,589,459,17988],"tags":[],"class_list":["post-326125","post","type-post","status-publish","format-standard","has-post-thumbnail","","category-dunya1","category-haber-seridi","category-haberler-arap-uluslararasi-politika","category-son-haberler"],"_links":{"self":[{"href":"https:\/\/archive.sana.sy\/tr\/index.php?rest_route=\/wp\/v2\/posts\/326125","targetHints":{"allow":["GET"]}}],"collection":[{"href":"https:\/\/archive.sana.sy\/tr\/index.php?rest_route=\/wp\/v2\/posts"}],"about":[{"href":"https:\/\/archive.sana.sy\/tr\/index.php?rest_route=\/wp\/v2\/types\/post"}],"author":[{"embeddable":true,"href":"https:\/\/archive.sana.sy\/tr\/index.php?rest_route=\/wp\/v2\/users\/36"}],"replies":[{"embeddable":true,"href":"https:\/\/archive.sana.sy\/tr\/index.php?rest_route=%2Fwp%2Fv2%2Fcomments&post=326125"}],"version-history":[{"count":3,"href":"https:\/\/archive.sana.sy\/tr\/index.php?rest_route=\/wp\/v2\/posts\/326125\/revisions"}],"predecessor-version":[{"id":326141,"href":"https:\/\/archive.sana.sy\/tr\/index.php?rest_route=\/wp\/v2\/posts\/326125\/revisions\/326141"}],"wp:featuredmedia":[{"embeddable":true,"href":"https:\/\/archive.sana.sy\/tr\/index.php?rest_route=\/wp\/v2\/media\/326126"}],"wp:attachment":[{"href":"https:\/\/archive.sana.sy\/tr\/index.php?rest_route=%2Fwp%2Fv2%2Fmedia&parent=326125"}],"wp:term":[{"taxonomy":"category","embeddable":true,"href":"https:\/\/archive.sana.sy\/tr\/index.php?rest_route=%2Fwp%2Fv2%2Fcategories&post=326125"},{"taxonomy":"post_tag","embeddable":true,"href":"https:\/\/archive.sana.sy\/tr\/index.php?rest_route=%2Fwp%2Fv2%2Ftags&post=326125"}],"curies":[{"name":"wp","href":"https:\/\/api.w.org\/{rel}","templated":true}]}}