{"id":326128,"date":"2025-07-22T15:58:15","date_gmt":"2025-07-22T12:58:15","guid":{"rendered":"https:\/\/sana.sy\/tr\/?p=326128"},"modified":"2025-07-23T16:38:58","modified_gmt":"2025-07-23T13:38:58","slug":"sahil-olaylari-ulusal-arastirma-ve-sorusturma-komitesi-basin-toplantisi","status":"publish","type":"post","link":"https:\/\/archive.sana.sy\/tr\/?p=326128","title":{"rendered":"Sahil Olaylar\u0131 Ulusal Ara\u015ft\u0131rma ve Soru\u015fturma Komitesi Bas\u0131n Toplant\u0131s\u0131"},"content":{"rendered":"<p style=\"text-align: justify;\"><strong><span style=\"color: #ff0000;\">\u015eAM (SANA)<\/span> &#8211;<\/strong> K\u0131y\u0131 Olaylar\u0131 Ulusal Ara\u015ft\u0131rma ve Soru\u015fturma Komitesi, komitenin metodolojisi ve \u00e7al\u0131\u015fma mekanizmalar\u0131n\u0131n yan\u0131 s\u0131ra temel bulgu ve \u00f6nerilerini g\u00f6r\u00fc\u015fmek \u00fczere \u015eam&#8217;daki Seven Gates Oteli&#8217;nde bir bas\u0131n toplant\u0131s\u0131 d\u00fczenledi.<\/p>\n<p style=\"text-align: justify;\"><strong><span style=\"color: #0000ff;\">Bas\u0131n toplant\u0131s\u0131nda \u015funlar yer ald\u0131:<\/span><\/strong><\/p>\n<p style=\"text-align: justify;\">K\u0131y\u0131 Olaylar\u0131 Ulusal Ara\u015ft\u0131rma ve Soru\u015fturma Komitesi Ba\u015fkan\u0131 Yarg\u0131\u00e7 Cumaa El Anzi: Komite, raporunu belirlenen s\u00fcre i\u00e7inde tamamlayarak Cumhurba\u015fkan\u0131&#8217;na sundu. G\u00fcney b\u00f6lgesinde ya\u015fanan olaylar, raporun duyurulmas\u0131ndaki gecikmenin sebebiydi.<\/p>\n<p style=\"text-align: justify;\">Sahil Olaylar\u0131n\u0131 Ara\u015ft\u0131rma ve Soru\u015fturma Ulusal Komisyonu S\u00f6zc\u00fcs\u00fc Avukat Yaser El Farhan: Suriye h\u00fck\u00fcmetinin giri\u015fimi ve komisyonun hakikat hakk\u0131n\u0131 destekleme inanc\u0131yla, soru\u015fturmalar\u0131n i\u00e7eri\u011fini ve temel bulgular\u0131n\u0131 yay\u0131nl\u0131yoruz.<\/p>\n<p style=\"text-align: justify;\">El Farhan: Bas\u0131n toplant\u0131s\u0131 bildirimizin metninin, Cumhurba\u015fkanl\u0131\u011f\u0131&#8217;n\u0131n raporun geri kalan unsurlar\u0131yla ilgili olarak hukuki, yarg\u0131sal, g\u00fcvenlik, askeri ve siyasi a\u00e7\u0131lardan nas\u0131l bir yol izleyece\u011fine karar verene kadar ulusal ve uluslararas\u0131 soru\u015fturma komitelerinin raporlar\u0131 ele alma konusundaki ortak mekanizma ve prosed\u00fcrlerine uygun olarak da\u011f\u0131t\u0131labilecek bir \u00f6zet oldu\u011funu a\u00e7\u0131kl\u0131\u011fa kavu\u015fturmak isteriz.<\/p>\n<p style=\"text-align: justify;\">Sahil Olaylar\u0131n\u0131 Ara\u015ft\u0131rma ve Soru\u015fturma Ulusal Komite S\u00f6zc\u00fcs\u00fc: Komite, g\u00f6revini yerine getirirken, yetki alan\u0131 i\u00e7inde, mekansal olarak Lazkiye, Tartus ve Hama vilayetlerinde ger\u00e7ekle\u015fen sald\u0131r\u0131 ve ihlalleri genel olarak izleme, soru\u015fturma ve inceleme, zamansal olarak Mart ay\u0131 ba\u015flar\u0131ndaki ve sonras\u0131ndaki olaylar\u0131 inceleme ve objektif olarak olaylar\u0131n meydana gelmesine yol a\u00e7an durum ve ko\u015fullar\u0131 ara\u015ft\u0131rma g\u00f6revini \u00fcstlenmi\u015ftir.<\/p>\n<p style=\"text-align: justify;\">ayr\u0131ca sivillere y\u00f6nelik ihlalleri ve h\u00fck\u00fcmet kurumlar\u0131na, g\u00fcvenlik g\u00fc\u00e7lerine ve orduya y\u00f6nelik sald\u0131r\u0131lar\u0131 ara\u015ft\u0131rmak, her birinden sorumlu olanlar\u0131 tespit etmek ve kar\u0131\u015ft\u0131\u011f\u0131 kan\u0131tlananlar\u0131 yarg\u0131ya sevk etmek temeline dayanmaktad\u0131r.<\/p>\n<p style=\"text-align: justify;\">Sahil Olaylar\u0131n\u0131 Ara\u015ft\u0131rma ve Soru\u015fturma Ulusal Komisyonu S\u00f6zc\u00fcs\u00fc: Komite, Suriyelilerle hem do\u011frudan hem de medya arac\u0131l\u0131\u011f\u0131yla \u015feffaf bir ileti\u015fim kurdu ve \u00e7e\u015fitli sivil toplum akt\u00f6rleri, meslek sendikalar\u0131n\u0131n temsilcileri ve se\u00e7kinler, ileri gelenler ve ileri gelenlerden olu\u015fan en \u00f6nemli isimlerle \u00e7ok say\u0131da yararl\u0131 toplant\u0131 ger\u00e7ekle\u015ftirdi.<\/p>\n<p style=\"text-align: justify;\">Sahil Olaylar\u0131n\u0131 Ara\u015ft\u0131rma ve Soru\u015fturma Ulusal Komite S\u00f6zc\u00fcs\u00fc: Komite\u00a0 33 b\u00f6lgeyi ziyaret etti, olaylar\u0131n ya\u015fand\u0131\u011f\u0131 yerleri inceledi ve \u00e7e\u015fitli mezarl\u0131klar\u0131 ve defin yerlerini inceledi. Muhtarlar, dini liderler ve \u00e7ok say\u0131da aile temsilcisinin huzurunda g\u00f6zlemlerini anlatt\u0131.<\/p>\n<p style=\"text-align: justify;\">Komite, her kasabada onlarca isimle birka\u00e7 toplant\u0131 d\u00fczenledi, ayr\u0131 oturumlar halinde aile \u00fcyelerinin tan\u0131klar\u0131n\u0131 dinledi ve 452&#8217;si cinayetle, 486&#8217;s\u0131 ise silahl\u0131 soygun, h\u0131rs\u0131zl\u0131k, ev ve i\u015f yeri yakma veya i\u015fkenceyle ilgili olmak \u00fczere 938 tan\u0131kl\u0131k kaydetti.<\/p>\n<p style=\"text-align: justify;\">Sahil Olaylar\u0131n\u0131 Ara\u015ft\u0131rma ve Soru\u015fturma Ulusal Komisyonu S\u00f6zc\u00fcs\u00fc: Komite, ifade alma \u00e7al\u0131\u015fmalar\u0131na etkilenen Alevi toplumundan yedi kad\u0131n hukuk uzman\u0131n\u0131 yan\u0131 s\u0131ra, komitenin Rusafa&#8217;daki duru\u015fmalar\u0131na kat\u0131lan ma\u011fdur ailelerinden \u00fc\u00e7 kad\u0131n\u0131 da dahil etti.<\/p>\n<p style=\"text-align: justify;\">Sahil Olaylar\u0131n\u0131 Ara\u015ft\u0131rma ve Soru\u015fturma Ulusal Komisyonu S\u00f6zc\u00fcs\u00fc: Komite ayr\u0131ca h\u00fck\u00fcmet yetkililerinden 23 brifing ve tan\u0131kl\u0131k dinledi, tutuklanan \u015f\u00fcphelileri sorgulad\u0131 ve onlar\u0131 yarg\u0131ya sevk etmek i\u00e7in gerekli \u00f6nlemleri ald\u0131.<\/p>\n<p style=\"text-align: justify;\">Sahil Olaylar\u0131n\u0131 Ara\u015ft\u0131rma ve Soru\u015fturma Ulusal Komite S\u00f6zc\u00fcs\u00fc: Komite, \u0130nsani \u0130\u015flerden Sorumlu Genel Sekreter Yard\u0131mc\u0131s\u0131, Suriye Uluslararas\u0131 Soru\u015fturma Komite Ba\u015fkan\u0131, \u00fcyeleri ve ekibi, \u0130nsan Haklar\u0131 Y\u00fcksek Komiserli\u011fi, Suriye \u00d6zel Temsilcili\u011fi, \u0130nsan Haklar\u0131 \u0130zleme \u00d6rg\u00fct\u00fc ve Uluslararas\u0131 Af \u00d6rg\u00fct\u00fc ile \u00fcst d\u00fczey toplant\u0131lar arac\u0131l\u0131\u011f\u0131yla Birle\u015fmi\u015f Milletler&#8217;deki ilgili uluslararas\u0131 kurulu\u015flarla odakl\u0131 isti\u015farelerde bulundu.<\/p>\n<p style=\"text-align: justify;\">S\u00f6zc\u00fc: Komite, ba\u011f\u0131ms\u0131zl\u0131k, tarafs\u0131zl\u0131k, nesnellik, profesyonellik, tutarl\u0131l\u0131k, \u015feffafl\u0131k, zarar vermeme ve gizlilik ilkelerini korumak i\u00e7in g\u00f6rev tan\u0131mlar\u0131 ve standartlar listesinde belirtilen yasal prosed\u00fcrleri takip etti. Ayr\u0131ca, h\u00fck\u00fcmetin uygulayaca\u011f\u0131 d\u00fcr\u00fcstl\u00fck prosed\u00fcrleri do\u011frultusunda, ki\u015fisel bilgilerini if\u015fa etmemeyi talep eden tan\u0131klar i\u00e7in koruma sa\u011flad\u0131.<\/p>\n<p style=\"text-align: justify;\">S\u00f6zc\u00fc: Komisyonun \u00e7al\u0131\u015fma sahalar\u0131nda rejim kal\u0131nt\u0131lar\u0131n\u0131n bulunmas\u0131 nedeniyle olu\u015fan g\u00fcvenlik zorluklar\u0131na ve tehlikelere ra\u011fmen, komisyon olay yerlerine ve tan\u0131klar\u0131n ikametgahlar\u0131na yeterli eri\u015fim sa\u011flayarak sahada \u00e7al\u0131\u015fmalar\u0131n\u0131 s\u00fcrd\u00fcrd\u00fc ve ma\u011fdurlar\u0131n aileleri ve ilgili uluslararas\u0131 payda\u015flar nezdinde makul bir g\u00fcvenilirlik kazand\u0131.<\/p>\n<p style=\"text-align: justify;\">S\u00f6zc\u00fc: Komitenin, yayg\u0131n olarak &#8220;kal\u0131nt\u0131lar&#8221; olarak adland\u0131r\u0131lanlar\u0131, devrik Esad rejimiyle ba\u011flant\u0131l\u0131, hukukun ve devletin me\u015fruiyetinin d\u0131\u015f\u0131nda kalan \u00f6rg\u00fctl\u00fc silahl\u0131 gruplar\u0131n kal\u0131nt\u0131lar\u0131 olarak tan\u0131mlad\u0131\u011f\u0131n\u0131 a\u00e7\u0131kl\u0131\u011fa kavu\u015fturmak isteriz.<\/p>\n<p style=\"text-align: justify;\">S\u00f6zc\u00fc: Komite, mahkemelerde genellikle oldu\u011fu gibi, kesin delillere de\u011fil, \u015f\u00fcpheye dayanarak karar verdi. Zarar vermemek i\u00e7in \u015f\u00fcphelilerin isimlerini a\u00e7\u0131klamad\u0131, bunun yerine rapora ekli tablolarda d\u00fczenledi. A\u00e7\u0131k isimlerinin ortaya \u00e7\u0131kmas\u0131ndan korkan baz\u0131 tan\u0131klar\u0131n isimlerini saklad\u0131.<\/p>\n<p style=\"text-align: justify;\">Sahil Olaylar\u0131 Ulusal Ger\u00e7ek Bulma ve Soru\u015fturma Komitesi S\u00f6zc\u00fcs\u00fc: Komite, bilgi, belge, rapor, tan\u0131k ifadeleri ve fiziksel ve dijital delilleri inceleyerek, Cumhurba\u015fkan\u0131 taraf\u0131ndan verilen uzatma s\u00fcresi de dahil olmak \u00fczere, g\u00f6rev s\u00fcresi i\u00e7inde belirlenen d\u00f6rt ayl\u0131k s\u00fcre i\u00e7inde \u00fcyelerinin verdi\u011fi mahk\u00fbmiyet kararlar\u0131na dayanarak sonu\u00e7lara vard\u0131.<\/p>\n<p style=\"text-align: justify;\">S\u00f6zc\u00fc: Suriye&#8217;nin Esad rejiminden kurtar\u0131lmas\u0131ndan bu yana ve Mart ay\u0131 ba\u015f\u0131na kadar, k\u0131y\u0131 b\u00f6lgelerinde ve \u00fclke genelinde bir s\u00fck\u00fbnet hakimdi. Kamu g\u00fcvenli\u011fi personeli ve h\u00fck\u00fcmet g\u00fc\u00e7leri aras\u0131nda, sivilleri koruma ve istikrar\u0131 ve i\u00e7 bar\u0131\u015f\u0131 sa\u011flama \u00e7abalar\u0131na y\u00f6nelik devlet talimatlar\u0131na ve politikalar\u0131na ba\u011fl\u0131 kal\u0131narak, kabul edilebilir bir disiplin sa\u011fland\u0131. Yayg\u0131n bir kaos veya intikam eylemi olmamas\u0131na ra\u011fmen, bir\u00e7ok b\u00f6lgede sivillere y\u00f6nelik \u00e7e\u015fitli ihlaller ve h\u00fck\u00fcmet g\u00fc\u00e7lerine kar\u015f\u0131 d\u00fc\u015fmanca eylemler ger\u00e7ekle\u015ftirildi.<\/p>\n<p style=\"text-align: justify;\">S\u00f6zc\u00fc: Kal\u0131nt\u0131lar 6 Mart&#8217;ta ordu ve kamu g\u00fcvenli\u011fi karargahlar\u0131n\u0131, kontrol noktalar\u0131n\u0131 ve devriyeleri a\u011f\u0131r, orta ve hafif silahlarla hedef alarak bir dizi b\u00fcy\u00fck \u00e7apl\u0131 d\u00fc\u015fmanca operasyon ger\u00e7ekle\u015ftirdi. Ana yollar\u0131 kapatt\u0131lar ve komitenin bulgular\u0131na g\u00f6re Lazkiye, Tartus ve Hama vilayetlerinde 238 gen\u00e7 g\u00fcvenlik ve ordu personelini \u00f6ld\u00fcrd\u00fcler.<\/p>\n<p style=\"text-align: justify;\">S\u00f6zc\u00fc: Baz\u0131lar\u0131, ileri gelenlerin arabuluculu\u011funda y\u00fcr\u00fct\u00fclen m\u00fczakereler sonucunda silahlar\u0131n\u0131 b\u0131rakt\u0131ktan sonra \u00f6ld\u00fcr\u00fcld\u00fc. Baz\u0131lar\u0131 yaral\u0131yken ve tedavi g\u00f6r\u00fcrken \u00f6ld\u00fcr\u00fcld\u00fc. Baz\u0131lar\u0131 ise esir tutulurken \u00f6ld\u00fcr\u00fcld\u00fc. Kalanlar, baz\u0131lar\u0131n\u0131 toplu mezara g\u00f6md\u00fcler. Kamu yollar\u0131n\u0131 ve hastaneleri hedef alarak alt\u0131s\u0131n\u0131 hizmet d\u0131\u015f\u0131 b\u0131rakt\u0131lar. Komitenin, standartlar\u0131na uygun olarak verilerini kaydedemedi\u011fi bilgilere g\u00f6re, \u00e7ok say\u0131da S\u00fcnni sivili \u00f6ld\u00fcrd\u00fcler.<\/p>\n<p style=\"text-align: justify;\">Sahil Olaylar\u0131 Ulusal Ger\u00e7ek Bulma ve Soru\u015fturma Komitesi S\u00f6zc\u00fcs\u00fc: Kurbanlar\u0131n aileleri, yerel halk ve devlet \u00e7al\u0131\u015fanlar\u0131n\u0131n tan\u0131k ifadeleri, tutuklu sorgulama kay\u0131tlar\u0131 ve dijital deliller ile di\u011fer delilleri inceleyerek, komite, Esad rejimiyle ba\u011flant\u0131l\u0131 yasad\u0131\u015f\u0131 silahl\u0131 isyanc\u0131 gruplara kat\u0131lan ve genellikle &#8220;kal\u0131nt\u0131lar&#8221; olarak adland\u0131r\u0131lan 265 potansiyel \u015f\u00fcphelinin ismini tespit etti. Komite, bu ki\u015filerin ciddi su\u00e7lara ve ihlallere kar\u0131\u015ft\u0131\u011f\u0131ndan \u015f\u00fcphelenmek i\u00e7in makul gerek\u00e7elere sahipti.<\/p>\n<p style=\"text-align: justify;\">S\u00f6zc\u00fc: Bu esnada ve sonras\u0131nda, kal\u0131nt\u0131lar \u015fehirlerin, kasabalar\u0131n, k\u00f6ylerin ve yollar\u0131n tam veya k\u0131smi kontrol\u00fcn\u00fc ele ge\u00e7irdi ve kalan h\u00fck\u00fcmet merkezlerini ku\u015fatma alt\u0131na ald\u0131. Komisyonun ara\u015ft\u0131rmalar\u0131na g\u00f6re, ama\u00e7lar\u0131 k\u0131y\u0131 \u015feridini Suriye&#8217;den ay\u0131rmak ve dikey ve yatay bir yap\u0131 i\u00e7inde birbirine ba\u011fl\u0131, e\u011fitimli gruplar taraf\u0131ndan planlanan, finanse edilen, haz\u0131rlanan ve uygulanan bir Alevi devleti kurmakt\u0131.<\/p>\n<p style=\"text-align: justify;\">S\u00f6zc\u00fc: Daha sonra h\u00fck\u00fcmet g\u00fc\u00e7leri, fraksiyonlar ve di\u011fer askeri g\u00fc\u00e7ler b\u00f6lgeye girdi ve halk ayaklanmas\u0131 gruplar\u0131 ile di\u011fer gruplar geli\u015fig\u00fczel bir \u015fekilde i\u00e7eri dalarak, isyanc\u0131lar\u0131n kontrol\u00fcndeki b\u00f6lgeleri geri almak i\u00e7in 200.000&#8217;den fazla silahl\u0131 adamla uluslararas\u0131 yolu doldurdu.<\/p>\n<p style=\"text-align: justify;\">Sahil Olaylar\u0131n\u0131 Ara\u015ft\u0131rma ve Ger\u00e7ekleri Bulma Ulusal Komisyonu S\u00f6zc\u00fcs\u00fc: 7 Mart Cuma g\u00fcn\u00fc \u015fafak vakti, yola bakan baz\u0131 y\u00fcksek rak\u0131ml\u0131 k\u00f6ylerden rejimin kal\u0131nt\u0131lar\u0131, askeri konvoylar\u0131, acil durum ara\u00e7lar\u0131 konvoylar\u0131n\u0131 ve silahlar\u0131yla yoldan ge\u00e7en sivil ara\u00e7lar\u0131 hedef ald\u0131. Sonu\u00e7 olarak \u00e7ok say\u0131da asker ve sivil hayat\u0131n\u0131 kaybetti. Bu durum daha fazla kaosa yol a\u00e7t\u0131 ve h\u00fck\u00fcmet g\u00fc\u00e7leri, kaosu \u00f6nlemek amac\u0131yla yolu temizlemek i\u00e7in bir grup olu\u015fturmak zorunda kald\u0131.<\/p>\n<p style=\"text-align: justify;\">S\u00f6zc\u00fc: Komite, 90&#8217;\u0131 kad\u0131n olmak \u00fczere 1.426 ki\u015finin kimli\u011fini do\u011frulad\u0131. Geri kalanlar\u0131n \u00e7o\u011fu sivildi ve bunlar\u0131n bir k\u0131sm\u0131 ilgili makamlarla anla\u015fmaya varan eski askerlerdi. \u00d6lenler aras\u0131nda rejimin kal\u0131nt\u0131lar\u0131n\u0131n da olmas\u0131 muhtemel olsa da, komite, \u00f6l\u00fcmlerin \u00e7o\u011funun askeri operasyonlar\u0131n d\u0131\u015f\u0131nda veya sonras\u0131nda ger\u00e7ekle\u015fti\u011fine inan\u0131yor.<\/p>\n<p style=\"text-align: justify;\">S\u00f6zc\u00fc: Komite, a\u00e7\u0131k kaynaklardan \u00f6l\u00fc say\u0131s\u0131n\u0131n daha fazla oldu\u011funu \u00f6\u011frendi; ancak mezar kay\u0131tlar\u0131nda isimlerinin bulunmamas\u0131 veya dinledi\u011fi tan\u0131klar\u0131n ifadeleri nedeniyle bu bilgilerin do\u011frulu\u011funu teyit edemedi. Komite ayr\u0131ca, baz\u0131lar\u0131 sivil, baz\u0131lar\u0131 da h\u00fck\u00fcmet g\u00fc\u00e7leri mensubu olan 20 kay\u0131p ki\u015fi hakk\u0131nda da bilgi ald\u0131.<\/p>\n<p style=\"text-align: justify;\">Sahil Olaylar\u0131 Ulusal Ger\u00e7ek Bulma ve Soru\u015fturma Komisyonu S\u00f6zc\u00fcs\u00fc: Tan\u0131k ifadeleri, ayn\u0131 grup i\u00e7indeki gruplar\u0131n ve bireylerin farkl\u0131 davran\u0131\u015flar\u0131n\u0131 s\u0131kl\u0131kla ortaya koyuyor. Baz\u0131lar\u0131 korkun\u00e7 vah\u015fetler i\u015flerken, di\u011ferleri birbirlerine sayg\u0131l\u0131 davran\u0131yordu. Bu durum ve di\u011fer makul gerek\u00e7eler, komisyonun ihlallerin yayg\u0131n olmas\u0131na ra\u011fmen organize olmad\u0131\u011f\u0131na inanmas\u0131na yol a\u00e7\u0131yor.<\/p>\n<p style=\"text-align: justify;\">Komite S\u00f6zc\u00fcs\u00fc: Komite, bu k\u00f6ylerin tan\u0131k olduklar\u0131 korkun\u00e7 ihlallere neden maruz kald\u0131klar\u0131n\u0131 ara\u015ft\u0131rd\u0131 ve bu b\u00f6lgeleri, ihlallere maruz kalmayan Suriyeli Alevilerin ya\u015fad\u0131\u011f\u0131 di\u011fer b\u00f6lgelerle kar\u015f\u0131la\u015ft\u0131rd\u0131. Hedeflenen k\u00f6ylerin \u00e7o\u011funun uluslararas\u0131 karayoluna bakt\u0131\u011f\u0131n\u0131 belirtti. Ayr\u0131ca, ma\u011fdur ailelerinin baz\u0131 ifadelerinde, rejim kal\u0131nt\u0131lar\u0131n\u0131n bu b\u00f6lgeleri h\u00fck\u00fcmet personelini hedef almak i\u00e7in kulland\u0131\u011f\u0131na dikkat \u00e7ekti.<\/p>\n<p style=\"text-align: justify;\">Komite S\u00f6zc\u00fcs\u00fc: Komite, soru\u015fturmalar\u0131n\u0131, ailelerle g\u00f6r\u00fc\u015fmeler ve ma\u011fdurlar\u0131n yak\u0131nlar\u0131ndan y\u00fczlerce ifade dinlemek de dahil olmak \u00fczere \u00e7e\u015fitli yollarla failleri ve ge\u00e7mi\u015flerini tespit etmeye odaklad\u0131. Savunma Bakanl\u0131\u011f\u0131&#8217;n\u0131n tespit etti\u011fi foto\u011fraf ve videolardaki ki\u015filerin kimliklerinin belirlenmesi talebi \u00fczerine komite, ihlallere kar\u0131\u015ft\u0131\u011f\u0131ndan \u015f\u00fcphelenilen 298 ki\u015fiyi tam adlar\u0131yla tespit etti. Bu say\u0131 hen\u00fcz kesinle\u015fmedi.<\/p>\n<p style=\"text-align: justify;\">Sahil Olaylar\u0131 Ulusal Ara\u015ft\u0131rma ve Soru\u015fturma Komitesi S\u00f6zc\u00fcs\u00fc: Komite, soru\u015fturmalar\u0131nda, Cumhurba\u015fkan\u0131 ile Savunma ve \u0130\u00e7i\u015fleri Bakanlar\u0131 taraf\u0131ndan Mart 2025 olaylar\u0131 \u00f6ncesinde, s\u0131ras\u0131nda ve sonras\u0131nda verilen bir dizi tedbir, talimat ve emrin sivillerin korunmas\u0131na ve yasalara uyulmas\u0131na odakland\u0131\u011f\u0131n\u0131, h\u00fck\u00fcmet g\u00fc\u00e7lerinin y\u00fcksek d\u00fczeyde disiplin g\u00f6sterdi\u011fini, devletin ihlalleri s\u0131n\u0131rlamak i\u00e7in yo\u011fun \u00e7aba sarf etti\u011fini ve su\u00e7lanan ki\u015filerin hesap verdi\u011fini kaydetti.<\/p>\n<p style=\"text-align: justify;\">S\u00f6zc\u00fc: Komite ayr\u0131ca, Savunma Bakanl\u0131\u011f\u0131 b\u00fcnyesindeki gruplar\u0131n entegrasyonunun k\u0131smen yaln\u0131zca bi\u00e7imsel oldu\u011funu ve hen\u00fcz tam olarak organize edilmedi\u011fini veya tamamlanmad\u0131\u011f\u0131n\u0131 belirtti. Ayr\u0131ca, bu s\u00fcrecin, sivillerin soyk\u0131r\u0131m\u0131na kar\u0131\u015fan Esad rejiminin ordusunun da\u011f\u0131t\u0131lmas\u0131yla olu\u015fan bo\u015flu\u011fu doldurmak i\u00e7in gerekli bir ad\u0131m olarak ger\u00e7ekle\u015ftirildi\u011fini kaydetti. Raporda ayr\u0131ca, devletin raporlama d\u00f6nemindeki fiili kontrol\u00fcn\u00fcn k\u0131smi ve bazen de hi\u00e7 olmad\u0131\u011f\u0131 ve g\u00fcvenlik ve askeri kurumlar\u0131n\u0131 yeniden in\u015fa etme s\u00fcrecinde oldu\u011fu belirtildi.<\/p>\n<p style=\"text-align: justify;\">Sahil Olaylar\u0131 Ulusal Ger\u00e7ek Bulma ve Soru\u015fturma Komitesi S\u00f6zc\u00fcs\u00fc: Komite, Cumhurba\u015fkan\u0131&#8217;n\u0131n ba\u011f\u0131ms\u0131z soru\u015fturmalar y\u00fcr\u00fctmek \u00fczere komiteyi kurma karar\u0131n\u0131n ve devletin, olaya kar\u0131\u015fanlar\u0131 sorumlu tutmak ve ma\u011fdurlara adalet sa\u011flamak i\u00e7in gerekli \u00f6nlemleri alma kararl\u0131l\u0131\u011f\u0131n\u0131 teyit etmesinin, ihlallerin ele al\u0131nmas\u0131na y\u00f6nelik devlet tepkisini yans\u0131tt\u0131\u011f\u0131n\u0131 kabul etmektedir. Komite, devlet kurumlar\u0131n\u0131n ba\u011f\u0131ms\u0131zl\u0131klar\u0131na ve ger\u00e7e\u011fi ortaya \u00e7\u0131karmak i\u00e7in talep ettikleri t\u00fcm bilgileri sa\u011flama konusundaki kararl\u0131l\u0131klar\u0131n\u0131 g\u00f6zlemledi\u011fini ortaya koymaktad\u0131r.<\/p>\n<p style=\"text-align: justify;\">Komite S\u00f6zc\u00fcs\u00fc: Komisyon, yetki alan\u0131 i\u00e7inde i\u015flenen eylemlere uygulanacak hukuku tart\u0131\u015f\u0131rken, Anayasa Bildirgesi&#8217;nin gerekleri ve h\u00fck\u00fcmleri uyar\u0131nca, ulusal yasalar\u0131n Suriye taraf\u0131ndan onaylanan uluslararas\u0131 anla\u015fmalarla uyumlu hale getirilmesi gerekti\u011fini belirtti. Bu, yasama organ\u0131 olu\u015fturma prosed\u00fcrlerinin tamamlanmas\u0131n\u0131 gerektiriyor.<\/p>\n<p style=\"text-align: justify;\">Sahil Olaylar\u0131 Ulusal Ger\u00e7ek Bulma ve Soru\u015fturma Komitesi Ba\u015fkan\u0131 Yarg\u0131\u00e7 Cuma El Anzi: Komite, yetkili makamlar\u0131n, soru\u015fturmalar\u0131n\u0131n bulgular\u0131na dayanarak, ihlallere kar\u0131\u015ft\u0131\u011f\u0131ndan \u015f\u00fcphelenilen ki\u015fi ve gruplar\u0131 tespit etmek i\u00e7in gerekli tedbirleri almas\u0131n\u0131 tavsiye ediyor.<\/p>\n<p style=\"text-align: justify;\">Yarg\u0131\u00e7 El Anzi: Komite ayr\u0131ca, Savunma Bakanl\u0131\u011f\u0131&#8217;n\u0131n silah kontrol projelerine ili\u015fkin plan, prosed\u00fcr ve \u00f6nlemlerinin uygulanmas\u0131n\u0131n h\u0131zland\u0131r\u0131lmas\u0131n\u0131, gruplar\u0131n etkin bir \u015fekilde entegre edilmesini, Bakanl\u0131k taraf\u0131ndan 30 May\u0131s 2025 tarihinde yay\u0131nlanan Davran\u0131\u015f Kurallar\u0131&#8217;n\u0131n s\u0131k\u0131 bir \u015fekilde uygulanmas\u0131n\u0131 ve askeri \u00fcniforma ve rozetlerin d\u00fczenlenmesi ve bunlar\u0131n piyasada sat\u0131\u015f\u0131n\u0131n yasaklanmas\u0131 da dahil olmak \u00fczere kalan y\u00f6netmelik, kural ve talimatlar\u0131n yay\u0131nlanmas\u0131n\u0131 \u00f6nermektedir.<\/p>\n<p style=\"text-align: justify;\">Yarg\u0131\u00e7 El Anzi: Komite, yasal prosed\u00fcrlere uygun olarak ma\u011fdurlar i\u00e7in tazminat programlar\u0131n\u0131n ba\u015flat\u0131lmas\u0131n\u0131, g\u00fcvenlik, polis ve askeri kurumlar\u0131n y\u00f6netimini iyile\u015ftirme projelerine \u00f6ncelik verilmesini, modern ekipman ve teknoloji tedarik edilmesini, insan haklar\u0131na ve devlet \u00e7al\u0131\u015fanlar\u0131n\u0131n hak ve g\u00fcvenli\u011fine sayg\u0131 g\u00f6sterme y\u00f6ntem ve standartlar\u0131n\u0131n g\u00fc\u00e7lendirilmesini ve ba\u011f\u0131ms\u0131z bir ulusal insan haklar\u0131 komisyonu kurulmas\u0131n\u0131 \u00f6nermektedir.<\/p>\n<p style=\"text-align: justify;\">Yarg\u0131\u00e7 El Anzi: Komite, \u00f6nceki \u00e7al\u0131\u015fan i\u015ften \u00e7\u0131karma kararlar\u0131n\u0131n yeniden de\u011ferlendirilmesini ve ihlallerin sona erdirilmesi gereklilikleri ile aileler \u00fczerindeki etkilerin dikkate al\u0131nmas\u0131 aras\u0131nda denge kuracak \u015fekilde yasad\u0131\u015f\u0131 atama vakalar\u0131n\u0131n incelenmesini \u00f6neriyor.<\/p>\n<p style=\"text-align: justify;\">Yarg\u0131\u00e7 El Anzi: Komite, Anayasa Bildirgesi metnine uygun olarak, eski rejimden devral\u0131nan ulusal yasalar\u0131n ve yarg\u0131 sisteminin onaylanm\u0131\u015f uluslararas\u0131 anla\u015fmalarla uyumlu hale getirilmesini ve Zorla Kaybettirmenin \u00d6nlenmesine Dair S\u00f6zle\u015fme&#8217;nin imzalanmas\u0131n\u0131 \u00f6neriyor.<\/p>\n<p style=\"text-align: justify;\">Yarg\u0131\u00e7 El Anzi: Komite, devletin k\u0131y\u0131 \u015feridindeki ve t\u00fcm Suriye b\u00f6lgelerindeki plan ve programlar\u0131nda diyalog ve sivil bar\u0131\u015f projelerine \u00f6ncelik verilmesini, \u015fiddet, isyana veya mezhep \u00e7at\u0131\u015fmas\u0131na te\u015fviki \u00f6nlemek i\u00e7in yasal, idari ve e\u011fitsel tedbirler al\u0131nmas\u0131n\u0131 ve bu faaliyetlerin medya ve sosyal medyada denetlenmesini \u00f6nermektedir.<\/p>\n<p style=\"text-align: justify;\">Yarg\u0131\u00e7 El Anzi: Devlet kurumlar\u0131ndan ba\u011f\u0131ms\u0131zl\u0131\u011f\u0131m\u0131z\u0131 g\u00fcvence alt\u0131na alma taahh\u00fcd\u00fcnde bulunduk. \u0130hlallere kar\u0131\u015ft\u0131\u011f\u0131ndan \u015f\u00fcphelenilen iki ki\u015finin listesini Cumhuriyet Savc\u0131l\u0131\u011f\u0131&#8217;na ilettik. Ka\u00e7aklar\u0131n yarg\u0131lanmas\u0131n\u0131 ve ge\u00e7i\u015f d\u00f6nemi adalet prosed\u00fcrlerinin uygulanmas\u0131n\u0131 \u00f6neriyoruz.<\/p>\n<p style=\"text-align: justify;\">Hakim El Anzi: Komite, ihlallerin ya\u015fand\u0131\u011f\u0131 b\u00f6lgelerde ihtilaf ve mezhep\u00e7ili\u011fi k\u0131\u015fk\u0131rtan web sitelerini ve sosyal medya sayfalar\u0131n\u0131 incelemedi. \u00c7al\u0131\u015fmalar\u0131m\u0131z ve hedefimiz, belgeleme, soru\u015fturma ve yerinde incelemeye odakland\u0131.<\/p>\n<p style=\"text-align: justify;\">Komite s\u00f6zc\u00fcs\u00fc: K\u0131y\u0131 olaylar\u0131nda ki\u015filerin ihlallerde bulundu\u011funa dair bilgisi olan herkesi ortaya \u00e7\u0131kmaya \u00e7a\u011f\u0131r\u0131yoruz.<\/p>\n<p style=\"text-align: justify;\">Komite S\u00f6zc\u00fcs\u00fc: Ger\u00e7ek \u00f6nlemler al\u0131n\u0131yor ve Suriye halk\u0131na kar\u015f\u0131 ihlallerde bulunanlar hakk\u0131nda dava a\u00e7\u0131l\u0131yor. Sorumlular\u0131n yasalara uygun \u015fekilde yarg\u0131lanmas\u0131, intikam eylemlerinin \u00f6n\u00fcne ge\u00e7ecektir.<\/p>\n","protected":false},"excerpt":{"rendered":"<p>\u015eAM (SANA) &#8211; K\u0131y\u0131 Olaylar\u0131 Ulusal Ara\u015ft\u0131rma ve Soru\u015fturma Komitesi, komitenin metodolojisi ve \u00e7al\u0131\u015fma mekanizmalar\u0131n\u0131n yan\u0131 s\u0131ra temel bulgu ve \u00f6nerilerini g\u00f6r\u00fc\u015fmek \u00fczere \u015eam&#8217;daki Seven Gates Oteli&#8217;nde bir bas\u0131n toplant\u0131s\u0131 d\u00fczenledi. Bas\u0131n toplant\u0131s\u0131nda \u015funlar yer ald\u0131: K\u0131y\u0131 Olaylar\u0131 Ulusal Ara\u015ft\u0131rma ve Soru\u015fturma Komitesi Ba\u015fkan\u0131 Yarg\u0131\u00e7 Cumaa El Anzi: Komite, raporunu belirlenen s\u00fcre i\u00e7inde tamamlayarak Cumhurba\u015fkan\u0131&#8217;na &hellip;<\/p>\n","protected":false},"author":36,"featured_media":326158,"comment_status":"closed","ping_status":"closed","sticky":false,"template":"","format":"standard","meta":{"footnotes":""},"categories":[589,479,17988,478],"tags":[],"class_list":["post-326128","post","type-post","status-publish","format-standard","has-post-thumbnail","","category-haber-seridi","category-haberler-yerel","category-son-haberler","category-yerel"],"_links":{"self":[{"href":"https:\/\/archive.sana.sy\/tr\/index.php?rest_route=\/wp\/v2\/posts\/326128","targetHints":{"allow":["GET"]}}],"collection":[{"href":"https:\/\/archive.sana.sy\/tr\/index.php?rest_route=\/wp\/v2\/posts"}],"about":[{"href":"https:\/\/archive.sana.sy\/tr\/index.php?rest_route=\/wp\/v2\/types\/post"}],"author":[{"embeddable":true,"href":"https:\/\/archive.sana.sy\/tr\/index.php?rest_route=\/wp\/v2\/users\/36"}],"replies":[{"embeddable":true,"href":"https:\/\/archive.sana.sy\/tr\/index.php?rest_route=%2Fwp%2Fv2%2Fcomments&post=326128"}],"version-history":[{"count":2,"href":"https:\/\/archive.sana.sy\/tr\/index.php?rest_route=\/wp\/v2\/posts\/326128\/revisions"}],"predecessor-version":[{"id":326159,"href":"https:\/\/archive.sana.sy\/tr\/index.php?rest_route=\/wp\/v2\/posts\/326128\/revisions\/326159"}],"wp:featuredmedia":[{"embeddable":true,"href":"https:\/\/archive.sana.sy\/tr\/index.php?rest_route=\/wp\/v2\/media\/326158"}],"wp:attachment":[{"href":"https:\/\/archive.sana.sy\/tr\/index.php?rest_route=%2Fwp%2Fv2%2Fmedia&parent=326128"}],"wp:term":[{"taxonomy":"category","embeddable":true,"href":"https:\/\/archive.sana.sy\/tr\/index.php?rest_route=%2Fwp%2Fv2%2Fcategories&post=326128"},{"taxonomy":"post_tag","embeddable":true,"href":"https:\/\/archive.sana.sy\/tr\/index.php?rest_route=%2Fwp%2Fv2%2Ftags&post=326128"}],"curies":[{"name":"wp","href":"https:\/\/api.w.org\/{rel}","templated":true}]}}