{"id":326146,"date":"2025-07-22T18:00:25","date_gmt":"2025-07-22T15:00:25","guid":{"rendered":"https:\/\/sana.sy\/tr\/?p=326146"},"modified":"2025-07-22T18:43:26","modified_gmt":"2025-07-22T15:43:26","slug":"suudi-arabistan-suriyeyi-destekleyen-tutumunu-yineledi","status":"publish","type":"post","link":"https:\/\/archive.sana.sy\/tr\/?p=326146","title":{"rendered":"Suudi Arabistan, Suriye&#8217;yi Destekleyen Tutumunu Yineledi"},"content":{"rendered":"<p style=\"text-align: justify;\"><strong><span style=\"color: #ff0000;\">R\u0130YAD (SANA) &#8211;<\/span><\/strong> Suudi Arabistan Krall\u0131\u011f\u0131, bug\u00fcn Suriye&#8217;yi destekleyen tutumunu bir kez daha teyit ederek, \u00fclkenin i\u00e7 i\u015flerine m\u00fcdahaleyi reddetti\u011fini vurgulad\u0131.<\/p>\n<p style=\"text-align: justify;\">Suudi Arabistan Haber Ajans\u0131\u2019n\u0131n (SPA) aktard\u0131\u011f\u0131na g\u00f6re, Bakanlar Kurulu\u2019nun ger\u00e7ekle\u015ftirdi\u011fi toplant\u0131da, Suudi Arabistan ve baz\u0131 \u00fclkelerin d\u0131\u015fi\u015fleri bakanlar\u0131n\u0131n yapt\u0131\u011f\u0131 ortak a\u00e7\u0131klamada yer alan, Suriye\u2019deki geli\u015fmeler ve Suriye h\u00fck\u00fcmetinin \u00fclkesini yeniden in\u015fa etmesi, g\u00fcvenlik, istikrar, birlik ve egemenli\u011fini sa\u011flamas\u0131 y\u00f6n\u00fcndeki ortak \u00e7abalar ele al\u0131nd\u0131.<\/p>\n<p style=\"text-align: justify;\">Suudi Arabistan Enformasyon Bakan\u0131 Selman bin Yusuf El Devseri yapt\u0131\u011f\u0131 a\u00e7\u0131klamada, Bakanlar Kurulu\u2019nun, Suudi Arabistan\u2019\u0131n Suriye halk\u0131na y\u00f6nelik insani yard\u0131m ve destek \u00e7al\u0131\u015fmalar\u0131n\u0131 takip etti\u011fini ve bu yard\u0131mlar\u0131n, Krall\u0131\u011f\u0131n Arap ve \u0130slam \u00fclkelerine y\u00f6nelik s\u00fcrekli deste\u011fini ve d\u00fcnya genelindeki ihtiya\u00e7 sahiplerine yard\u0131m sa\u011flama konusundaki \u00f6nc\u00fc rol\u00fcn\u00fc peki\u015ftirdi\u011fini belirtti. Bu yard\u0131mlar\u0131n, Kral Selman \u0130nsani Yard\u0131m ve Yard\u0131m Merkezi arac\u0131l\u0131\u011f\u0131yla ula\u015ft\u0131r\u0131ld\u0131\u011f\u0131 ifade edildi.<\/p>\n","protected":false},"excerpt":{"rendered":"<p>R\u0130YAD (SANA) &#8211; Suudi Arabistan Krall\u0131\u011f\u0131, bug\u00fcn Suriye&#8217;yi destekleyen tutumunu bir kez daha teyit ederek, \u00fclkenin i\u00e7 i\u015flerine m\u00fcdahaleyi reddetti\u011fini vurgulad\u0131. Suudi Arabistan Haber Ajans\u0131\u2019n\u0131n (SPA) aktard\u0131\u011f\u0131na g\u00f6re, Bakanlar Kurulu\u2019nun ger\u00e7ekle\u015ftirdi\u011fi toplant\u0131da, Suudi Arabistan ve baz\u0131 \u00fclkelerin d\u0131\u015fi\u015fleri bakanlar\u0131n\u0131n yapt\u0131\u011f\u0131 ortak a\u00e7\u0131klamada yer alan, Suriye\u2019deki geli\u015fmeler ve Suriye h\u00fck\u00fcmetinin \u00fclkesini yeniden in\u015fa etmesi, g\u00fcvenlik, istikrar, &hellip;<\/p>\n","protected":false},"author":41,"featured_media":326147,"comment_status":"closed","ping_status":"closed","sticky":false,"template":"","format":"standard","meta":{"footnotes":""},"categories":[458,589,459,17988],"tags":[],"class_list":["post-326146","post","type-post","status-publish","format-standard","has-post-thumbnail","","category-dunya1","category-haber-seridi","category-haberler-arap-uluslararasi-politika","category-son-haberler"],"_links":{"self":[{"href":"https:\/\/archive.sana.sy\/tr\/index.php?rest_route=\/wp\/v2\/posts\/326146","targetHints":{"allow":["GET"]}}],"collection":[{"href":"https:\/\/archive.sana.sy\/tr\/index.php?rest_route=\/wp\/v2\/posts"}],"about":[{"href":"https:\/\/archive.sana.sy\/tr\/index.php?rest_route=\/wp\/v2\/types\/post"}],"author":[{"embeddable":true,"href":"https:\/\/archive.sana.sy\/tr\/index.php?rest_route=\/wp\/v2\/users\/41"}],"replies":[{"embeddable":true,"href":"https:\/\/archive.sana.sy\/tr\/index.php?rest_route=%2Fwp%2Fv2%2Fcomments&post=326146"}],"version-history":[{"count":1,"href":"https:\/\/archive.sana.sy\/tr\/index.php?rest_route=\/wp\/v2\/posts\/326146\/revisions"}],"predecessor-version":[{"id":326148,"href":"https:\/\/archive.sana.sy\/tr\/index.php?rest_route=\/wp\/v2\/posts\/326146\/revisions\/326148"}],"wp:featuredmedia":[{"embeddable":true,"href":"https:\/\/archive.sana.sy\/tr\/index.php?rest_route=\/wp\/v2\/media\/326147"}],"wp:attachment":[{"href":"https:\/\/archive.sana.sy\/tr\/index.php?rest_route=%2Fwp%2Fv2%2Fmedia&parent=326146"}],"wp:term":[{"taxonomy":"category","embeddable":true,"href":"https:\/\/archive.sana.sy\/tr\/index.php?rest_route=%2Fwp%2Fv2%2Fcategories&post=326146"},{"taxonomy":"post_tag","embeddable":true,"href":"https:\/\/archive.sana.sy\/tr\/index.php?rest_route=%2Fwp%2Fv2%2Ftags&post=326146"}],"curies":[{"name":"wp","href":"https:\/\/api.w.org\/{rel}","templated":true}]}}