{"id":326149,"date":"2025-07-22T17:53:00","date_gmt":"2025-07-22T14:53:00","guid":{"rendered":"https:\/\/sana.sy\/tr\/?p=326149"},"modified":"2025-07-22T17:53:31","modified_gmt":"2025-07-22T14:53:31","slug":"fidan-suriyeyi-bolmeye-yonelik-her-turlu-girisim-turkiyenin-ulusal-guvenligine-dogrudan-bir-tehdit-olusturur","status":"publish","type":"post","link":"https:\/\/archive.sana.sy\/tr\/?p=326149","title":{"rendered":"Fidan: Suriye&#8217;yi B\u00f6lmeye Y\u00f6nelik Her T\u00fcrl\u00fc Giri\u015fim, T\u00fcrkiye&#8217;nin Ulusal G\u00fcvenli\u011fine Do\u011frudan Bir Tehdit Olu\u015fturur"},"content":{"rendered":"<p style=\"text-align: justify;\"><span style=\"color: #ff0000;\"><strong>ANKARA (SANA)<\/strong> <\/span>&#8211; T\u00fcrkiye D\u0131\u015fi\u015fleri Bakan\u0131 Hakan Fidan, \u00fclkesinin Suriye&#8217;ye verdi\u011fi deste\u011fi yineleyerek, Suriye&#8217;yi b\u00f6lmeye y\u00f6nelik her t\u00fcrl\u00fc giri\u015fimin T\u00fcrkiye&#8217;nin ulusal g\u00fcvenli\u011fine do\u011frudan bir tehdit olu\u015fturaca\u011f\u0131n\u0131 vurgulad\u0131.<\/p>\n<p style=\"text-align: justify;\">Anadolu Ajans\u0131&#8217;n\u0131n haberine g\u00f6re, El Salvadorlu mevkida\u015f\u0131 Alexandra Hill ile Ankara&#8217;da d\u00fczenledi\u011fi bas\u0131n toplant\u0131s\u0131nda Fidan, Suriye&#8217;deki baz\u0131 taraflara \u015fu ifadeleri kulland\u0131: &#8221;E\u011fer b\u00f6l\u00fcnme ve istikrars\u0131zl\u0131k pe\u015findeyseniz, bunu ulusal g\u00fcvenli\u011fimize do\u011frudan bir tehdit olarak de\u011ferlendirir ve m\u00fcdahale ederiz.&#8221;<\/p>\n<p style=\"text-align: justify;\">Fidan ayr\u0131ca, \u0130srail&#8217;in b\u00f6lgeyi giderek zay\u0131flatmaya ve kaos i\u00e7inde tutmaya \u00e7al\u0131\u015ft\u0131\u011f\u0131n\u0131 belirterek, Suriye&#8217;deki taraflara bu t\u00fcr bir kaosu k\u00fc\u00e7\u00fck, taktiksel bir f\u0131rsat olarak g\u00f6rmemeleri \u00e7a\u011fr\u0131s\u0131nda bulundu.<\/p>\n<p style=\"text-align: justify;\">\u0130srail&#8217;in Suriye&#8217;de bar\u0131\u015f, istikrar ve g\u00fcvenli\u011fi tesis etme \u00e7abalar\u0131n\u0131 aksatmaya \u00e7al\u0131\u015ft\u0131\u011f\u0131n\u0131 ve \u00e7evresinde istikrarl\u0131 bir devlet g\u00f6rmek istemedi\u011fi i\u00e7in Suriye&#8217;yi b\u00f6lmeye \u00e7al\u0131\u015ft\u0131\u011f\u0131n\u0131 vurgulayan Bakan Fidan,\u00a0\u00a0 Hikmet el-Haceri&#8217;nin \u0130srail&#8217;in ajan\u0131 gibi davrand\u0131\u011f\u0131n\u0131 ve istikrar ve bar\u0131\u015fa katk\u0131da bulunacak her t\u00fcrl\u00fc \u00e7\u00f6z\u00fcm\u00fc reddetti\u011fini a\u00e7\u0131klad\u0131.<\/p>\n<p style=\"text-align: justify;\">Fidan, b\u00f6lgesel akt\u00f6rler de dahil olmak \u00fczere t\u00fcm uluslararas\u0131 toplumun, Suriye&#8217;nin ter\u00f6rizm kulu\u00e7ka makinesi veya d\u00fczensiz g\u00f6\u00e7 kayna\u011f\u0131 haline gelmemesi i\u00e7in \u00e7aba g\u00f6sterdi\u011fini de kaydetti.<\/p>\n","protected":false},"excerpt":{"rendered":"<p>ANKARA (SANA) &#8211; T\u00fcrkiye D\u0131\u015fi\u015fleri Bakan\u0131 Hakan Fidan, \u00fclkesinin Suriye&#8217;ye verdi\u011fi deste\u011fi yineleyerek, Suriye&#8217;yi b\u00f6lmeye y\u00f6nelik her t\u00fcrl\u00fc giri\u015fimin T\u00fcrkiye&#8217;nin ulusal g\u00fcvenli\u011fine do\u011frudan bir tehdit olu\u015fturaca\u011f\u0131n\u0131 vurgulad\u0131. Anadolu Ajans\u0131&#8217;n\u0131n haberine g\u00f6re, El Salvadorlu mevkida\u015f\u0131 Alexandra Hill ile Ankara&#8217;da d\u00fczenledi\u011fi bas\u0131n toplant\u0131s\u0131nda Fidan, Suriye&#8217;deki baz\u0131 taraflara \u015fu ifadeleri kulland\u0131: &#8221;E\u011fer b\u00f6l\u00fcnme ve istikrars\u0131zl\u0131k pe\u015findeyseniz, bunu ulusal &hellip;<\/p>\n","protected":false},"author":36,"featured_media":326150,"comment_status":"closed","ping_status":"closed","sticky":false,"template":"","format":"standard","meta":{"footnotes":""},"categories":[458,589,459,17988],"tags":[44088,44089],"class_list":["post-326149","post","type-post","status-publish","format-standard","has-post-thumbnail","","category-dunya1","category-haber-seridi","category-haberler-arap-uluslararasi-politika","category-son-haberler","tag-fidan-suriyeyi-bolmeye-yonelik-her-turlu-girisim","tag-turkiyenin-ulusal-guvenligine-dogrudan-bir-tehdit-olusturur"],"_links":{"self":[{"href":"https:\/\/archive.sana.sy\/tr\/index.php?rest_route=\/wp\/v2\/posts\/326149","targetHints":{"allow":["GET"]}}],"collection":[{"href":"https:\/\/archive.sana.sy\/tr\/index.php?rest_route=\/wp\/v2\/posts"}],"about":[{"href":"https:\/\/archive.sana.sy\/tr\/index.php?rest_route=\/wp\/v2\/types\/post"}],"author":[{"embeddable":true,"href":"https:\/\/archive.sana.sy\/tr\/index.php?rest_route=\/wp\/v2\/users\/36"}],"replies":[{"embeddable":true,"href":"https:\/\/archive.sana.sy\/tr\/index.php?rest_route=%2Fwp%2Fv2%2Fcomments&post=326149"}],"version-history":[{"count":1,"href":"https:\/\/archive.sana.sy\/tr\/index.php?rest_route=\/wp\/v2\/posts\/326149\/revisions"}],"predecessor-version":[{"id":326151,"href":"https:\/\/archive.sana.sy\/tr\/index.php?rest_route=\/wp\/v2\/posts\/326149\/revisions\/326151"}],"wp:featuredmedia":[{"embeddable":true,"href":"https:\/\/archive.sana.sy\/tr\/index.php?rest_route=\/wp\/v2\/media\/326150"}],"wp:attachment":[{"href":"https:\/\/archive.sana.sy\/tr\/index.php?rest_route=%2Fwp%2Fv2%2Fmedia&parent=326149"}],"wp:term":[{"taxonomy":"category","embeddable":true,"href":"https:\/\/archive.sana.sy\/tr\/index.php?rest_route=%2Fwp%2Fv2%2Fcategories&post=326149"},{"taxonomy":"post_tag","embeddable":true,"href":"https:\/\/archive.sana.sy\/tr\/index.php?rest_route=%2Fwp%2Fv2%2Ftags&post=326149"}],"curies":[{"name":"wp","href":"https:\/\/api.w.org\/{rel}","templated":true}]}}