{"id":326155,"date":"2025-07-22T18:37:46","date_gmt":"2025-07-22T15:37:46","guid":{"rendered":"https:\/\/sana.sy\/tr\/?p=326155"},"modified":"2025-07-22T18:37:46","modified_gmt":"2025-07-22T15:37:46","slug":"urdun-ve-turkiye-suveydada-ateskesin-kalici-olarak-saglanmasinin-onemini-vurguladi","status":"publish","type":"post","link":"https:\/\/archive.sana.sy\/tr\/?p=326155","title":{"rendered":"\u00dcrd\u00fcn Ve T\u00fcrkiye, S\u00fcveyda\u2019da Ate\u015fkesin Kal\u0131c\u0131 Olarak Sa\u011flanmas\u0131n\u0131n \u00d6nemini Vurgulad\u0131"},"content":{"rendered":"<p style=\"text-align: justify;\"><span style=\"color: #ff0000;\"><strong>AMMAN (SANA)<\/strong> <\/span>&#8211; AMMAN (SANA) &#8211; \u00dcrd\u00fcn D\u0131\u015fi\u015fleri Bakan\u0131 Eymen Safadi ile T\u00fcrkiye D\u0131\u015fi\u015fleri Bakan\u0131 Hakan Fidan, Suriye\u2019nin i\u00e7 i\u015flerine y\u00f6nelik \u0130srail m\u00fcdahalelerini k\u0131nayarak, \u00fclkelerinin bu m\u00fcdahaleyi uluslararas\u0131 hukuk ve Suriye\u2019nin egemenli\u011finin a\u00e7\u0131k bir ihlali olarak reddetti\u011fini vurgulad\u0131.<\/p>\n<p style=\"text-align: justify;\">Bug\u00fcn \u00dcrd\u00fcn resmi haber ajans\u0131 Petra\u2019n\u0131n aktard\u0131\u011f\u0131na g\u00f6re, iki bakan telefon g\u00f6r\u00fc\u015fmesi s\u0131ras\u0131nda, S\u00fcveyda ilinde ate\u015fkesin kal\u0131c\u0131 hale getirilmesinin, devlet egemenli\u011fi, hukuk, vatanda\u015flar\u0131n g\u00fcvenli\u011fi ve emniyetinin sa\u011flanmas\u0131 a\u00e7\u0131s\u0131ndan \u00f6nemine dikkat \u00e7ekti.<\/p>\n<p style=\"text-align: justify;\">Taraflar, \u00dcrd\u00fcn ve T\u00fcrkiye\u2019nin Suriye meselesinde \u0130srail m\u00fcdahalelerini kesin bir \u015fekilde reddetti\u011fini ve bu m\u00fcdahaleleri uluslararas\u0131 hukukun ve Suriye egemenli\u011finin a\u00e7\u0131k bir ihlali olarak k\u0131nad\u0131klar\u0131n\u0131, bu giri\u015fimlerin Suriye\u2019nin g\u00fcvenli\u011fini, istikrar\u0131n\u0131 ve vatanda\u015flar\u0131n\u0131n emniyetini hedef ald\u0131\u011f\u0131n\u0131 belirtti.<\/p>\n","protected":false},"excerpt":{"rendered":"<p>AMMAN (SANA) &#8211; AMMAN (SANA) &#8211; \u00dcrd\u00fcn D\u0131\u015fi\u015fleri Bakan\u0131 Eymen Safadi ile T\u00fcrkiye D\u0131\u015fi\u015fleri Bakan\u0131 Hakan Fidan, Suriye\u2019nin i\u00e7 i\u015flerine y\u00f6nelik \u0130srail m\u00fcdahalelerini k\u0131nayarak, \u00fclkelerinin bu m\u00fcdahaleyi uluslararas\u0131 hukuk ve Suriye\u2019nin egemenli\u011finin a\u00e7\u0131k bir ihlali olarak reddetti\u011fini vurgulad\u0131. Bug\u00fcn \u00dcrd\u00fcn resmi haber ajans\u0131 Petra\u2019n\u0131n aktard\u0131\u011f\u0131na g\u00f6re, iki bakan telefon g\u00f6r\u00fc\u015fmesi s\u0131ras\u0131nda, S\u00fcveyda ilinde ate\u015fkesin kal\u0131c\u0131 &hellip;<\/p>\n","protected":false},"author":36,"featured_media":326156,"comment_status":"closed","ping_status":"closed","sticky":false,"template":"","format":"standard","meta":{"footnotes":""},"categories":[458,589,459,17988],"tags":[44091,44090],"class_list":["post-326155","post","type-post","status-publish","format-standard","has-post-thumbnail","","category-dunya1","category-haber-seridi","category-haberler-arap-uluslararasi-politika","category-son-haberler","tag-suveydada-ateskesin-kalici-olarak-saglanmasinin-onemini-vurguladi","tag-urdun-ve-turkiye"],"_links":{"self":[{"href":"https:\/\/archive.sana.sy\/tr\/index.php?rest_route=\/wp\/v2\/posts\/326155","targetHints":{"allow":["GET"]}}],"collection":[{"href":"https:\/\/archive.sana.sy\/tr\/index.php?rest_route=\/wp\/v2\/posts"}],"about":[{"href":"https:\/\/archive.sana.sy\/tr\/index.php?rest_route=\/wp\/v2\/types\/post"}],"author":[{"embeddable":true,"href":"https:\/\/archive.sana.sy\/tr\/index.php?rest_route=\/wp\/v2\/users\/36"}],"replies":[{"embeddable":true,"href":"https:\/\/archive.sana.sy\/tr\/index.php?rest_route=%2Fwp%2Fv2%2Fcomments&post=326155"}],"version-history":[{"count":1,"href":"https:\/\/archive.sana.sy\/tr\/index.php?rest_route=\/wp\/v2\/posts\/326155\/revisions"}],"predecessor-version":[{"id":326157,"href":"https:\/\/archive.sana.sy\/tr\/index.php?rest_route=\/wp\/v2\/posts\/326155\/revisions\/326157"}],"wp:featuredmedia":[{"embeddable":true,"href":"https:\/\/archive.sana.sy\/tr\/index.php?rest_route=\/wp\/v2\/media\/326156"}],"wp:attachment":[{"href":"https:\/\/archive.sana.sy\/tr\/index.php?rest_route=%2Fwp%2Fv2%2Fmedia&parent=326155"}],"wp:term":[{"taxonomy":"category","embeddable":true,"href":"https:\/\/archive.sana.sy\/tr\/index.php?rest_route=%2Fwp%2Fv2%2Fcategories&post=326155"},{"taxonomy":"post_tag","embeddable":true,"href":"https:\/\/archive.sana.sy\/tr\/index.php?rest_route=%2Fwp%2Fv2%2Ftags&post=326155"}],"curies":[{"name":"wp","href":"https:\/\/api.w.org\/{rel}","templated":true}]}}