{"id":32616,"date":"2015-05-09T15:44:22","date_gmt":"2015-05-09T12:44:22","guid":{"rendered":"http:\/\/sana.sy\/tr\/?p=32616"},"modified":"2015-05-09T15:44:22","modified_gmt":"2015-05-09T12:44:22","slug":"musluman-kardeslerden-3-terorist-olduruldu","status":"publish","type":"post","link":"https:\/\/archive.sana.sy\/tr\/?p=32616","title":{"rendered":"M\u00fcsl\u00fcman Karde\u015flerden 3 Ter\u00f6rist \u00d6ld\u00fcr\u00fcld\u00fc"},"content":{"rendered":"<p>KAH\u0130RE \u2013 M\u0131s\u0131r\u2019\u0131n kuzeyi D\u0131myat B\u00f6lgesinde g\u00fcvenlik g\u00fc\u00e7leri ile M\u00fcsl\u00fcman Karde\u015fler cemaati aras\u0131nda \u015fiddetli \u00e7at\u0131\u015fmalar ya\u015fand\u0131.<\/p>\n<p>M\u0131s\u0131r g\u00fcvenlik kaynaklar\u0131 bug\u00fcn D\u0131myat B\u00f6lgesinin el Bassrta K\u00f6y\u00fcnde M\u00fcsl\u00fcman Karde\u015fler cemaatinden g\u00f6stericilerin uluslar aras\u0131 otoban\u0131 kesmeye \u00e7al\u0131\u015fmalar\u0131 \u00fczerine g\u00fcvenlik g\u00fc\u00e7lerinin m\u00fcdahale etmek zorunda kald\u0131\u011f\u0131n\u0131 belirtti. Kaynaklar m\u00fcdahalede g\u00f6stericiler aras\u0131ndaki ter\u00f6ristler ile g\u00fcvenlik g\u00fc\u00e7leri aras\u0131nda ya\u015fanan \u00e7at\u0131\u015fmada M\u00fcsl\u00fcman Karde\u015flere tabi 3 ter\u00f6ristin \u00f6ld\u00fc\u011f\u00fcn\u00fc aktard\u0131.<\/p>\n<p>Bu arada M\u0131s\u0131r E\u011fitim \u00d6\u011fretim Bakanl\u0131\u011f\u0131nda G\u00fcvenlik Merkez \u0130dare Ba\u015fkan\u0131 T\u00fcmgeneral Amro el Dasuki; M\u00fcsl\u00fcman Karde\u015flerin \u00e7\u0131kard\u0131klar\u0131 olaylar nedeniyle D\u0131myat B\u00f6lgesinde 5 okulda \u00f6\u011frenci s\u0131navlar\u0131n\u0131n durduruldu\u011funu ilan etti.<\/p>\n<p>A.A. &#8211; M.M.<\/p>\n","protected":false},"excerpt":{"rendered":"<p>KAH\u0130RE \u2013 M\u0131s\u0131r\u2019\u0131n kuzeyi D\u0131myat B\u00f6lgesinde g\u00fcvenlik g\u00fc\u00e7leri ile M\u00fcsl\u00fcman Karde\u015fler cemaati aras\u0131nda \u015fiddetli \u00e7at\u0131\u015fmalar ya\u015fand\u0131. M\u0131s\u0131r g\u00fcvenlik kaynaklar\u0131 bug\u00fcn D\u0131myat B\u00f6lgesinin el Bassrta K\u00f6y\u00fcnde M\u00fcsl\u00fcman Karde\u015fler cemaatinden g\u00f6stericilerin uluslar aras\u0131 otoban\u0131 kesmeye \u00e7al\u0131\u015fmalar\u0131 \u00fczerine g\u00fcvenlik g\u00fc\u00e7lerinin m\u00fcdahale etmek zorunda kald\u0131\u011f\u0131n\u0131 belirtti. Kaynaklar m\u00fcdahalede g\u00f6stericiler aras\u0131ndaki ter\u00f6ristler ile g\u00fcvenlik g\u00fc\u00e7leri aras\u0131nda ya\u015fanan \u00e7at\u0131\u015fmada M\u00fcsl\u00fcman Karde\u015flere &hellip;<\/p>\n","protected":false},"author":1,"featured_media":32617,"comment_status":"closed","ping_status":"closed","sticky":false,"template":"","format":"standard","meta":{"footnotes":""},"categories":[458,459,447],"tags":[14393],"class_list":["post-32616","post","type-post","status-publish","format-standard","has-post-thumbnail","","category-dunya1","category-haberler-arap-uluslararasi-politika","category-politika","tag-musluman-kardeslerden-3-terorist-olduruldu"],"_links":{"self":[{"href":"https:\/\/archive.sana.sy\/tr\/index.php?rest_route=\/wp\/v2\/posts\/32616","targetHints":{"allow":["GET"]}}],"collection":[{"href":"https:\/\/archive.sana.sy\/tr\/index.php?rest_route=\/wp\/v2\/posts"}],"about":[{"href":"https:\/\/archive.sana.sy\/tr\/index.php?rest_route=\/wp\/v2\/types\/post"}],"author":[{"embeddable":true,"href":"https:\/\/archive.sana.sy\/tr\/index.php?rest_route=\/wp\/v2\/users\/1"}],"replies":[{"embeddable":true,"href":"https:\/\/archive.sana.sy\/tr\/index.php?rest_route=%2Fwp%2Fv2%2Fcomments&post=32616"}],"version-history":[{"count":0,"href":"https:\/\/archive.sana.sy\/tr\/index.php?rest_route=\/wp\/v2\/posts\/32616\/revisions"}],"wp:featuredmedia":[{"embeddable":true,"href":"https:\/\/archive.sana.sy\/tr\/index.php?rest_route=\/wp\/v2\/media\/32617"}],"wp:attachment":[{"href":"https:\/\/archive.sana.sy\/tr\/index.php?rest_route=%2Fwp%2Fv2%2Fmedia&parent=32616"}],"wp:term":[{"taxonomy":"category","embeddable":true,"href":"https:\/\/archive.sana.sy\/tr\/index.php?rest_route=%2Fwp%2Fv2%2Fcategories&post=32616"},{"taxonomy":"post_tag","embeddable":true,"href":"https:\/\/archive.sana.sy\/tr\/index.php?rest_route=%2Fwp%2Fv2%2Ftags&post=32616"}],"curies":[{"name":"wp","href":"https:\/\/api.w.org\/{rel}","templated":true}]}}