{"id":326168,"date":"2025-07-22T21:22:14","date_gmt":"2025-07-22T18:22:14","guid":{"rendered":"https:\/\/sana.sy\/tr\/?p=326168"},"modified":"2025-07-22T21:22:14","modified_gmt":"2025-07-22T18:22:14","slug":"birlesmis-milletler-suriye-yetkilileriyle-koordinasyon-halinde-suveydedeki-duruma-yanit-olarak-yardim-saglaniyor","status":"publish","type":"post","link":"https:\/\/archive.sana.sy\/tr\/?p=326168","title":{"rendered":"Birle\u015fmi\u015f Milletler: Suriye Yetkilileriyle Koordinasyon Halinde S\u00fcveyde&#8217;deki Duruma Yan\u0131t Olarak Yard\u0131m Sa\u011flan\u0131yor"},"content":{"rendered":"<p style=\"text-align: justify;\"><span style=\"color: #ff0000;\"><strong>\u015eAM (SANA) &#8211;<\/strong> <\/span>Birle\u015fmi\u015f Milletler Daimi Koordinat\u00f6rl\u00fc\u011f\u00fc ve Suriye \u0130\u015flerinden Sorumlu Koordinat\u00f6r Ofisi, Birle\u015fmi\u015f Milletler ve ortaklar\u0131n\u0131n, S\u00fcveyde\u2019deki duruma yan\u0131t olarak Suriye Arap K\u0131z\u0131lay\u0131 arac\u0131l\u0131\u011f\u0131yla ve Suriye yetkilileriyle tam koordinasyon halinde aktif \u015fekilde yard\u0131m sa\u011flamaya devam etti\u011fini teyit etti.<\/p>\n<p style=\"text-align: justify;\">Ofis, resmi Facebook sayfas\u0131 \u00fczerinden yapt\u0131\u011f\u0131 a\u00e7\u0131klamada, bug\u00fcn Suriye Arap K\u0131z\u0131lay\u0131\u2019na temel ihtiya\u00e7 malzemeleri i\u00e7eren yeni bir yard\u0131m sevkiyat\u0131n\u0131n teslim edildi\u011fini duyurdu.<\/p>\n<p style=\"text-align: justify;\">Ayr\u0131ca, Birle\u015fmi\u015f Milletler\u2019e ait ara\u00e7larla BM personeli ve ailelerinin olaylardan etkilenenlerinin daha g\u00fcvenli b\u00f6lgelere nakledildi\u011fini belirten ofis, bu nakil operasyonunun BM ekiplerinin \u00e7al\u0131\u015fmalar\u0131n\u0131 yeniden s\u00fcrd\u00fcrebilmeleri ve etkilenen n\u00fcfusun ihtiya\u00e7lar\u0131na yan\u0131t vermeye devam edebilmeleri i\u00e7in daha iyi bir konuma getirilmelerinin ama\u00e7land\u0131\u011f\u0131n\u0131 ifade etti.<\/p>\n","protected":false},"excerpt":{"rendered":"<p>\u015eAM (SANA) &#8211; Birle\u015fmi\u015f Milletler Daimi Koordinat\u00f6rl\u00fc\u011f\u00fc ve Suriye \u0130\u015flerinden Sorumlu Koordinat\u00f6r Ofisi, Birle\u015fmi\u015f Milletler ve ortaklar\u0131n\u0131n, S\u00fcveyde\u2019deki duruma yan\u0131t olarak Suriye Arap K\u0131z\u0131lay\u0131 arac\u0131l\u0131\u011f\u0131yla ve Suriye yetkilileriyle tam koordinasyon halinde aktif \u015fekilde yard\u0131m sa\u011flamaya devam etti\u011fini teyit etti. Ofis, resmi Facebook sayfas\u0131 \u00fczerinden yapt\u0131\u011f\u0131 a\u00e7\u0131klamada, bug\u00fcn Suriye Arap K\u0131z\u0131lay\u0131\u2019na temel ihtiya\u00e7 malzemeleri i\u00e7eren yeni &hellip;<\/p>\n","protected":false},"author":41,"featured_media":326169,"comment_status":"closed","ping_status":"closed","sticky":false,"template":"","format":"standard","meta":{"footnotes":""},"categories":[589,479,17988,478],"tags":[],"class_list":["post-326168","post","type-post","status-publish","format-standard","has-post-thumbnail","","category-haber-seridi","category-haberler-yerel","category-son-haberler","category-yerel"],"_links":{"self":[{"href":"https:\/\/archive.sana.sy\/tr\/index.php?rest_route=\/wp\/v2\/posts\/326168","targetHints":{"allow":["GET"]}}],"collection":[{"href":"https:\/\/archive.sana.sy\/tr\/index.php?rest_route=\/wp\/v2\/posts"}],"about":[{"href":"https:\/\/archive.sana.sy\/tr\/index.php?rest_route=\/wp\/v2\/types\/post"}],"author":[{"embeddable":true,"href":"https:\/\/archive.sana.sy\/tr\/index.php?rest_route=\/wp\/v2\/users\/41"}],"replies":[{"embeddable":true,"href":"https:\/\/archive.sana.sy\/tr\/index.php?rest_route=%2Fwp%2Fv2%2Fcomments&post=326168"}],"version-history":[{"count":1,"href":"https:\/\/archive.sana.sy\/tr\/index.php?rest_route=\/wp\/v2\/posts\/326168\/revisions"}],"predecessor-version":[{"id":326170,"href":"https:\/\/archive.sana.sy\/tr\/index.php?rest_route=\/wp\/v2\/posts\/326168\/revisions\/326170"}],"wp:featuredmedia":[{"embeddable":true,"href":"https:\/\/archive.sana.sy\/tr\/index.php?rest_route=\/wp\/v2\/media\/326169"}],"wp:attachment":[{"href":"https:\/\/archive.sana.sy\/tr\/index.php?rest_route=%2Fwp%2Fv2%2Fmedia&parent=326168"}],"wp:term":[{"taxonomy":"category","embeddable":true,"href":"https:\/\/archive.sana.sy\/tr\/index.php?rest_route=%2Fwp%2Fv2%2Fcategories&post=326168"},{"taxonomy":"post_tag","embeddable":true,"href":"https:\/\/archive.sana.sy\/tr\/index.php?rest_route=%2Fwp%2Fv2%2Ftags&post=326168"}],"curies":[{"name":"wp","href":"https:\/\/api.w.org\/{rel}","templated":true}]}}