{"id":326171,"date":"2025-07-22T21:25:32","date_gmt":"2025-07-22T18:25:32","guid":{"rendered":"https:\/\/sana.sy\/tr\/?p=326171"},"modified":"2025-07-22T21:25:32","modified_gmt":"2025-07-22T18:25:32","slug":"birlesik-krallikin-suriye-ozel-temsilcisi-sahil-olaylari-ulusal-sorusturma-komitesi-raporunu-memnuniyetle-karsiladi","status":"publish","type":"post","link":"https:\/\/archive.sana.sy\/tr\/?p=326171","title":{"rendered":"Birle\u015fik Krall\u0131k\u2019\u0131n Suriye \u00d6zel Temsilcisi, Sahil Olaylar\u0131 Ulusal Soru\u015fturma Komitesi Raporunu Memnuniyetle Kar\u015f\u0131lad\u0131"},"content":{"rendered":"<p style=\"text-align: justify;\"><span style=\"color: #ff0000;\"><strong>LONDRA (SANA) &#8211;<\/strong><\/span> Birle\u015fik Krall\u0131k\u2019\u0131n Suriye \u00d6zel Temsilcisi Anna Snow, Suriye Sahil b\u00f6lgesindeki olaylarla ilgili Ulusal Soru\u015fturma ve Ger\u00e7ekleri Ara\u015ft\u0131rma Komitesi\u2019nin a\u00e7\u0131klamas\u0131n\u0131 memnuniyetle kar\u015f\u0131lad\u0131.<\/p>\n<p style=\"text-align: justify;\">Snow, bu gece (X) platformunda payla\u015ft\u0131\u011f\u0131 a\u00e7\u0131klamada, \u201cSuriye Sahil Olaylar\u0131 Ulusal Soru\u015fturma ve Ger\u00e7ekleri Ara\u015ft\u0131rma Komitesi\u2019nin bug\u00fcn yay\u0131mlad\u0131\u011f\u0131 a\u00e7\u0131klamay\u0131 memnuniyetle kar\u015f\u0131l\u0131yorum. Komitenin raporu ve \u00f6nerileri, t\u00fcm Suriyeliler i\u00e7in ger\u00e7e\u011fin, adaletin ve hesap verebilirli\u011fin pe\u015finden gitmek ad\u0131na temel ve zaman\u0131nda bir taahh\u00fctt\u00fcr.\u201d dedi.<\/p>\n<p style=\"text-align: justify;\">Snow ayr\u0131ca, \u201cBelirlenen bireylerin yarg\u0131lanmas\u0131 da dahil olmak \u00fczere, sonraki ad\u0131mlar\u0131 yak\u0131ndan takip edece\u011fiz.\u201d ifadelerini kulland\u0131.<\/p>\n","protected":false},"excerpt":{"rendered":"<p>LONDRA (SANA) &#8211; Birle\u015fik Krall\u0131k\u2019\u0131n Suriye \u00d6zel Temsilcisi Anna Snow, Suriye Sahil b\u00f6lgesindeki olaylarla ilgili Ulusal Soru\u015fturma ve Ger\u00e7ekleri Ara\u015ft\u0131rma Komitesi\u2019nin a\u00e7\u0131klamas\u0131n\u0131 memnuniyetle kar\u015f\u0131lad\u0131. Snow, bu gece (X) platformunda payla\u015ft\u0131\u011f\u0131 a\u00e7\u0131klamada, \u201cSuriye Sahil Olaylar\u0131 Ulusal Soru\u015fturma ve Ger\u00e7ekleri Ara\u015ft\u0131rma Komitesi\u2019nin bug\u00fcn yay\u0131mlad\u0131\u011f\u0131 a\u00e7\u0131klamay\u0131 memnuniyetle kar\u015f\u0131l\u0131yorum. Komitenin raporu ve \u00f6nerileri, t\u00fcm Suriyeliler i\u00e7in ger\u00e7e\u011fin, adaletin ve &hellip;<\/p>\n","protected":false},"author":41,"featured_media":325892,"comment_status":"closed","ping_status":"closed","sticky":false,"template":"","format":"standard","meta":{"footnotes":""},"categories":[458,589,459,17988],"tags":[],"class_list":["post-326171","post","type-post","status-publish","format-standard","has-post-thumbnail","","category-dunya1","category-haber-seridi","category-haberler-arap-uluslararasi-politika","category-son-haberler"],"_links":{"self":[{"href":"https:\/\/archive.sana.sy\/tr\/index.php?rest_route=\/wp\/v2\/posts\/326171","targetHints":{"allow":["GET"]}}],"collection":[{"href":"https:\/\/archive.sana.sy\/tr\/index.php?rest_route=\/wp\/v2\/posts"}],"about":[{"href":"https:\/\/archive.sana.sy\/tr\/index.php?rest_route=\/wp\/v2\/types\/post"}],"author":[{"embeddable":true,"href":"https:\/\/archive.sana.sy\/tr\/index.php?rest_route=\/wp\/v2\/users\/41"}],"replies":[{"embeddable":true,"href":"https:\/\/archive.sana.sy\/tr\/index.php?rest_route=%2Fwp%2Fv2%2Fcomments&post=326171"}],"version-history":[{"count":1,"href":"https:\/\/archive.sana.sy\/tr\/index.php?rest_route=\/wp\/v2\/posts\/326171\/revisions"}],"predecessor-version":[{"id":326172,"href":"https:\/\/archive.sana.sy\/tr\/index.php?rest_route=\/wp\/v2\/posts\/326171\/revisions\/326172"}],"wp:featuredmedia":[{"embeddable":true,"href":"https:\/\/archive.sana.sy\/tr\/index.php?rest_route=\/wp\/v2\/media\/325892"}],"wp:attachment":[{"href":"https:\/\/archive.sana.sy\/tr\/index.php?rest_route=%2Fwp%2Fv2%2Fmedia&parent=326171"}],"wp:term":[{"taxonomy":"category","embeddable":true,"href":"https:\/\/archive.sana.sy\/tr\/index.php?rest_route=%2Fwp%2Fv2%2Fcategories&post=326171"},{"taxonomy":"post_tag","embeddable":true,"href":"https:\/\/archive.sana.sy\/tr\/index.php?rest_route=%2Fwp%2Fv2%2Ftags&post=326171"}],"curies":[{"name":"wp","href":"https:\/\/api.w.org\/{rel}","templated":true}]}}