{"id":326175,"date":"2025-07-22T21:40:27","date_gmt":"2025-07-22T18:40:27","guid":{"rendered":"https:\/\/sana.sy\/tr\/?p=326175"},"modified":"2025-07-24T08:57:39","modified_gmt":"2025-07-24T05:57:39","slug":"icisleri-bakanligi-suveydadaki-saha-infazlarini-kinadi-ve-acil-sorusturma-baslatti","status":"publish","type":"post","link":"https:\/\/archive.sana.sy\/tr\/?p=326175","title":{"rendered":"\u0130\u00e7i\u015fleri Bakanl\u0131\u011f\u0131, S\u00fcveyda\u2019daki Saha \u0130nfazlar\u0131n\u0131 K\u0131nad\u0131 Ve Acil Soru\u015fturma Ba\u015flatt\u0131"},"content":{"rendered":"<p style=\"text-align: justify;\"><span style=\"color: #ff0000;\"><strong>\u015eAM (SANA) &#8211;<\/strong><\/span> Suriye \u0130\u00e7i\u015fleri Bakanl\u0131\u011f\u0131, bug\u00fcn S\u00fcveyda kentinde kimli\u011fi belirsiz ki\u015filer taraf\u0131ndan ger\u00e7ekle\u015ftirilen saha infazlar\u0131n\u0131 g\u00f6steren g\u00f6r\u00fcnt\u00fclerin sosyal medyada yay\u0131lmas\u0131n\u0131 en sert ifadelerle k\u0131nad\u0131. Bakanl\u0131k, bu eylemlerin, yasalar \u00e7er\u00e7evesinde en a\u011f\u0131r \u015fekilde cezaland\u0131r\u0131lan ciddi su\u00e7lar kapsam\u0131nda oldu\u011funu vurgulad\u0131.<\/p>\n<p style=\"text-align: justify;\">Bakanl\u0131k, s\u00f6z konusu su\u00e7lara kar\u0131\u015fan faillerin kimli\u011finin belirlenmesi, takibi ve yakalanmas\u0131 amac\u0131yla yetkili merciler taraf\u0131ndan acil bir soru\u015fturma ba\u015flat\u0131ld\u0131\u011f\u0131n\u0131 duyurdu.<\/p>\n<p style=\"text-align: justify;\">A\u00e7\u0131klamada ayr\u0131ca \u015fu ifadelere yer verildi: \u201cBakanl\u0131k, hukukun \u00fcst\u00fcnl\u00fc\u011f\u00fcn\u00fc vurgulamakta ve hi\u00e7 kimsenin kanunlar\u0131n \u00fcst\u00fcnde olmad\u0131\u011f\u0131n\u0131 belirtmektedir. Su\u00e7lulu\u011fu ispatlanan herkes, adil \u015fekilde yarg\u0131lanmak \u00fczere yetkili yarg\u0131 makamlar\u0131na sevk edilecektir.\u201d<\/p>\n","protected":false},"excerpt":{"rendered":"<p>\u015eAM (SANA) &#8211; Suriye \u0130\u00e7i\u015fleri Bakanl\u0131\u011f\u0131, bug\u00fcn S\u00fcveyda kentinde kimli\u011fi belirsiz ki\u015filer taraf\u0131ndan ger\u00e7ekle\u015ftirilen saha infazlar\u0131n\u0131 g\u00f6steren g\u00f6r\u00fcnt\u00fclerin sosyal medyada yay\u0131lmas\u0131n\u0131 en sert ifadelerle k\u0131nad\u0131. Bakanl\u0131k, bu eylemlerin, yasalar \u00e7er\u00e7evesinde en a\u011f\u0131r \u015fekilde cezaland\u0131r\u0131lan ciddi su\u00e7lar kapsam\u0131nda oldu\u011funu vurgulad\u0131. Bakanl\u0131k, s\u00f6z konusu su\u00e7lara kar\u0131\u015fan faillerin kimli\u011finin belirlenmesi, takibi ve yakalanmas\u0131 amac\u0131yla yetkili merciler taraf\u0131ndan acil &hellip;<\/p>\n","protected":false},"author":41,"featured_media":326176,"comment_status":"closed","ping_status":"closed","sticky":false,"template":"","format":"standard","meta":{"footnotes":""},"categories":[479,17988,478],"tags":[],"class_list":["post-326175","post","type-post","status-publish","format-standard","has-post-thumbnail","","category-haberler-yerel","category-son-haberler","category-yerel"],"_links":{"self":[{"href":"https:\/\/archive.sana.sy\/tr\/index.php?rest_route=\/wp\/v2\/posts\/326175","targetHints":{"allow":["GET"]}}],"collection":[{"href":"https:\/\/archive.sana.sy\/tr\/index.php?rest_route=\/wp\/v2\/posts"}],"about":[{"href":"https:\/\/archive.sana.sy\/tr\/index.php?rest_route=\/wp\/v2\/types\/post"}],"author":[{"embeddable":true,"href":"https:\/\/archive.sana.sy\/tr\/index.php?rest_route=\/wp\/v2\/users\/41"}],"replies":[{"embeddable":true,"href":"https:\/\/archive.sana.sy\/tr\/index.php?rest_route=%2Fwp%2Fv2%2Fcomments&post=326175"}],"version-history":[{"count":1,"href":"https:\/\/archive.sana.sy\/tr\/index.php?rest_route=\/wp\/v2\/posts\/326175\/revisions"}],"predecessor-version":[{"id":326177,"href":"https:\/\/archive.sana.sy\/tr\/index.php?rest_route=\/wp\/v2\/posts\/326175\/revisions\/326177"}],"wp:featuredmedia":[{"embeddable":true,"href":"https:\/\/archive.sana.sy\/tr\/index.php?rest_route=\/wp\/v2\/media\/326176"}],"wp:attachment":[{"href":"https:\/\/archive.sana.sy\/tr\/index.php?rest_route=%2Fwp%2Fv2%2Fmedia&parent=326175"}],"wp:term":[{"taxonomy":"category","embeddable":true,"href":"https:\/\/archive.sana.sy\/tr\/index.php?rest_route=%2Fwp%2Fv2%2Fcategories&post=326175"},{"taxonomy":"post_tag","embeddable":true,"href":"https:\/\/archive.sana.sy\/tr\/index.php?rest_route=%2Fwp%2Fv2%2Ftags&post=326175"}],"curies":[{"name":"wp","href":"https:\/\/api.w.org\/{rel}","templated":true}]}}