{"id":32619,"date":"2015-05-09T15:47:25","date_gmt":"2015-05-09T12:47:25","guid":{"rendered":"http:\/\/sana.sy\/tr\/?p=32619"},"modified":"2015-05-09T15:47:25","modified_gmt":"2015-05-09T12:47:25","slug":"cani-erdoganin-kaide-orgutune-destegi-desifre-ediliyor","status":"publish","type":"post","link":"https:\/\/archive.sana.sy\/tr\/?p=32619","title":{"rendered":"Cani Erdo\u011fan\u2019\u0131n Kaide \u00d6rg\u00fct\u00fcne Deste\u011fi De\u015fifre Ediliyor"},"content":{"rendered":"<p>ANKARA \u2013 T\u00fcrkiye&#8217;deki ihvanc\u0131 rejimin Adana\u2019da silah y\u00fckl\u00fc TIR\u2019larla ilgili soru\u015fturmay\u0131 y\u00fcr\u00fct\u00fcrken g\u00f6revden ald\u0131\u011f\u0131 ve \u0130stanbul\u2019da iki hakimin tutuklanmas\u0131ndan 6 g\u00fcn sonra haklar\u0131nda tutuklama karar\u0131 verdi\u011fi savc\u0131lar mahkemede g\u00f6r\u00fcnt\u00fcl\u00fc olarak al\u0131nan ifadelerinde cani Erdo\u011fan rejiminin Suriye ve halk\u0131na kinin kusmada edat olarak kulland\u0131\u011f\u0131 Kaide ter\u00f6ristlerine deste\u011fini de\u015fifre ettiler.<\/p>\n<p>T\u00fcrkiye&#8217;de Grihat web haber sitesinin bug\u00fcn aktard\u0131\u011f\u0131 haberde; Savc\u0131lar, 1 Ocak\u2019ta Adana\u2019da durdurulan TIR\u2019lara eskortluk eden M\u0130T g\u00f6revlilerinin kulland\u0131\u011f\u0131 31 Y 5060 plakal\u0131 Fiat Linea marka arac\u0131n Antakya\u2019da Kaide \u00d6rg\u00fct\u00fc i\u00e7in faaliyet g\u00f6steren A.Demir\u2019in \u00fczerine kay\u0131tl\u0131 oldu\u011funu s\u00f6yledi. Arac\u0131n 18.12.2013 tarihinde Ahmet Demir ad\u0131na tescil edildi\u011fi ifade edildi.<\/p>\n<p>Haberde savc\u0131lar hakk\u0131nda tutuklama talep eden m\u00fcfetti\u015f Arif Sami Kaya&#8217;n\u0131n, bunun gibi bir\u00e7ok bilgiyi de kuruldan gizledi\u011fine dikkat \u00e7ekildi.<\/p>\n<p>Savc\u0131lar\u0131n ifadesinde bahsi ge\u00e7en arac\u0131n Kaide \u00fcyesi oldu\u011funa dair bilgiler soru\u015fturma dosyas\u0131nda mevcut oldu\u011funun belirtildi\u011fi haberde; bu ara\u00e7la ilgili Emniyet \u0130stihbarat\u0131n yapt\u0131\u011f\u0131 \u00e7al\u0131\u015fmalarda\u00a0 A.Demir\u2019in 2008 y\u0131l\u0131ndan bu yana yakla\u015f\u0131k 30 adet ara\u00e7 al\u0131p, satt\u0131\u011f\u0131na dair tespitlerinde oldu\u011fu ifade edildi.<\/p>\n<p>Haberde ayr\u0131ca eskort arac\u0131n tescil kayd\u0131 \u00fczerine bulunan A.Demir\u2019in a\u011fabeyi C. Demir\u2019in Konya\u2019da faaliyet g\u00f6steren El Kaide mensuplar\u0131 ile ili\u015fkilerinin kuvvetli oldu\u011funa dair bilgilerinde istihbarat raporunda yer ald\u0131\u011f\u0131 belirtildi.<\/p>\n<p>A.A. &#8211; M.M.<\/p>\n","protected":false},"excerpt":{"rendered":"<p>ANKARA \u2013 T\u00fcrkiye&#8217;deki ihvanc\u0131 rejimin Adana\u2019da silah y\u00fckl\u00fc TIR\u2019larla ilgili soru\u015fturmay\u0131 y\u00fcr\u00fct\u00fcrken g\u00f6revden ald\u0131\u011f\u0131 ve \u0130stanbul\u2019da iki hakimin tutuklanmas\u0131ndan 6 g\u00fcn sonra haklar\u0131nda tutuklama karar\u0131 verdi\u011fi savc\u0131lar mahkemede g\u00f6r\u00fcnt\u00fcl\u00fc olarak al\u0131nan ifadelerinde cani Erdo\u011fan rejiminin Suriye ve halk\u0131na kinin kusmada edat olarak kulland\u0131\u011f\u0131 Kaide ter\u00f6ristlerine deste\u011fini de\u015fifre ettiler. T\u00fcrkiye&#8217;de Grihat web haber sitesinin bug\u00fcn aktard\u0131\u011f\u0131 &hellip;<\/p>\n","protected":false},"author":1,"featured_media":32620,"comment_status":"closed","ping_status":"closed","sticky":false,"template":"","format":"standard","meta":{"footnotes":""},"categories":[458,459,447,2554,2555],"tags":[14394],"class_list":["post-32619","post","type-post","status-publish","format-standard","has-post-thumbnail","","category-dunya1","category-haberler-arap-uluslararasi-politika","category-politika","category-suriye-ve-dunya","category-suriye-ve-turkiye","tag-cani-erdoganin-kaide-orgutune-destegi-desifre-ediliyor"],"_links":{"self":[{"href":"https:\/\/archive.sana.sy\/tr\/index.php?rest_route=\/wp\/v2\/posts\/32619","targetHints":{"allow":["GET"]}}],"collection":[{"href":"https:\/\/archive.sana.sy\/tr\/index.php?rest_route=\/wp\/v2\/posts"}],"about":[{"href":"https:\/\/archive.sana.sy\/tr\/index.php?rest_route=\/wp\/v2\/types\/post"}],"author":[{"embeddable":true,"href":"https:\/\/archive.sana.sy\/tr\/index.php?rest_route=\/wp\/v2\/users\/1"}],"replies":[{"embeddable":true,"href":"https:\/\/archive.sana.sy\/tr\/index.php?rest_route=%2Fwp%2Fv2%2Fcomments&post=32619"}],"version-history":[{"count":0,"href":"https:\/\/archive.sana.sy\/tr\/index.php?rest_route=\/wp\/v2\/posts\/32619\/revisions"}],"wp:featuredmedia":[{"embeddable":true,"href":"https:\/\/archive.sana.sy\/tr\/index.php?rest_route=\/wp\/v2\/media\/32620"}],"wp:attachment":[{"href":"https:\/\/archive.sana.sy\/tr\/index.php?rest_route=%2Fwp%2Fv2%2Fmedia&parent=32619"}],"wp:term":[{"taxonomy":"category","embeddable":true,"href":"https:\/\/archive.sana.sy\/tr\/index.php?rest_route=%2Fwp%2Fv2%2Fcategories&post=32619"},{"taxonomy":"post_tag","embeddable":true,"href":"https:\/\/archive.sana.sy\/tr\/index.php?rest_route=%2Fwp%2Fv2%2Ftags&post=32619"}],"curies":[{"name":"wp","href":"https:\/\/api.w.org\/{rel}","templated":true}]}}