{"id":326207,"date":"2025-07-23T11:33:13","date_gmt":"2025-07-23T08:33:13","guid":{"rendered":"https:\/\/sana.sy\/tr\/?p=326207"},"modified":"2025-07-23T11:48:54","modified_gmt":"2025-07-23T08:48:54","slug":"savunma-bakanligi-hava-kuvvetleri-komutani-tuggeneral-asim-havari-turkiyede-duzenlenen-idef-2025-savunma-sanayii-fuari-kapsaminda-turk-silahli-kuvvetleri-genelkurmay-baskani-metin-gurak-ile-bir-ara","status":"publish","type":"post","link":"https:\/\/archive.sana.sy\/tr\/?p=326207","title":{"rendered":"Savunma Bakanl\u0131\u011f\u0131 Hava Kuvvetleri Komutan\u0131 Tu\u011fgeneral As\u0131m Havari, T\u00fcrkiye&#8217;de d\u00fczenlenen IDEF 2025 Savunma Sanayii Fuar\u0131 kapsam\u0131nda T\u00fcrk Silahl\u0131 Kuvvetleri Genelkurmay Ba\u015fkan\u0131 Metin G\u00fcrak ile bir araya geldi."},"content":{"rendered":"","protected":false},"excerpt":{"rendered":"","protected":false},"author":39,"featured_media":0,"comment_status":"closed","ping_status":"closed","sticky":false,"template":"","format":"standard","meta":{"footnotes":""},"categories":[1],"tags":[],"class_list":["post-326207","post","type-post","status-publish","format-standard","","category-news-not-sorted"],"_links":{"self":[{"href":"https:\/\/archive.sana.sy\/tr\/index.php?rest_route=\/wp\/v2\/posts\/326207","targetHints":{"allow":["GET"]}}],"collection":[{"href":"https:\/\/archive.sana.sy\/tr\/index.php?rest_route=\/wp\/v2\/posts"}],"about":[{"href":"https:\/\/archive.sana.sy\/tr\/index.php?rest_route=\/wp\/v2\/types\/post"}],"author":[{"embeddable":true,"href":"https:\/\/archive.sana.sy\/tr\/index.php?rest_route=\/wp\/v2\/users\/39"}],"replies":[{"embeddable":true,"href":"https:\/\/archive.sana.sy\/tr\/index.php?rest_route=%2Fwp%2Fv2%2Fcomments&post=326207"}],"version-history":[{"count":1,"href":"https:\/\/archive.sana.sy\/tr\/index.php?rest_route=\/wp\/v2\/posts\/326207\/revisions"}],"predecessor-version":[{"id":326208,"href":"https:\/\/archive.sana.sy\/tr\/index.php?rest_route=\/wp\/v2\/posts\/326207\/revisions\/326208"}],"wp:attachment":[{"href":"https:\/\/archive.sana.sy\/tr\/index.php?rest_route=%2Fwp%2Fv2%2Fmedia&parent=326207"}],"wp:term":[{"taxonomy":"category","embeddable":true,"href":"https:\/\/archive.sana.sy\/tr\/index.php?rest_route=%2Fwp%2Fv2%2Fcategories&post=326207"},{"taxonomy":"post_tag","embeddable":true,"href":"https:\/\/archive.sana.sy\/tr\/index.php?rest_route=%2Fwp%2Fv2%2Ftags&post=326207"}],"curies":[{"name":"wp","href":"https:\/\/api.w.org\/{rel}","templated":true}]}}