{"id":326230,"date":"2025-07-23T12:51:57","date_gmt":"2025-07-23T09:51:57","guid":{"rendered":"https:\/\/sana.sy\/tr\/?p=326230"},"modified":"2025-07-23T13:08:46","modified_gmt":"2025-07-23T10:08:46","slug":"savunma-bakani-tumgeneral-murhaf-ebu-kasra-baskanligindaki-savunma-bakanligindan-resmi-bir-heyet-suveydada-kanunsuz-gruplarla-son-catismalarda-yaralanan-askerleri-ziyaret-etti","status":"publish","type":"post","link":"https:\/\/archive.sana.sy\/tr\/?p=326230","title":{"rendered":"Savunma Bakan\u0131 T\u00fcmgeneral Murhaf Ebu Kasra ba\u015fkanl\u0131\u011f\u0131ndaki Savunma Bakanl\u0131\u011f\u0131&#8217;ndan resmi bir heyet, S\u00fcveyda&#8217;da kanunsuz gruplarla son \u00e7at\u0131\u015fmalarda yaralanan askerleri ziyaret etti."},"content":{"rendered":"","protected":false},"excerpt":{"rendered":"","protected":false},"author":39,"featured_media":0,"comment_status":"closed","ping_status":"closed","sticky":false,"template":"","format":"standard","meta":{"footnotes":""},"categories":[1],"tags":[],"class_list":["post-326230","post","type-post","status-publish","format-standard","","category-news-not-sorted"],"_links":{"self":[{"href":"https:\/\/archive.sana.sy\/tr\/index.php?rest_route=\/wp\/v2\/posts\/326230","targetHints":{"allow":["GET"]}}],"collection":[{"href":"https:\/\/archive.sana.sy\/tr\/index.php?rest_route=\/wp\/v2\/posts"}],"about":[{"href":"https:\/\/archive.sana.sy\/tr\/index.php?rest_route=\/wp\/v2\/types\/post"}],"author":[{"embeddable":true,"href":"https:\/\/archive.sana.sy\/tr\/index.php?rest_route=\/wp\/v2\/users\/39"}],"replies":[{"embeddable":true,"href":"https:\/\/archive.sana.sy\/tr\/index.php?rest_route=%2Fwp%2Fv2%2Fcomments&post=326230"}],"version-history":[{"count":1,"href":"https:\/\/archive.sana.sy\/tr\/index.php?rest_route=\/wp\/v2\/posts\/326230\/revisions"}],"predecessor-version":[{"id":326231,"href":"https:\/\/archive.sana.sy\/tr\/index.php?rest_route=\/wp\/v2\/posts\/326230\/revisions\/326231"}],"wp:attachment":[{"href":"https:\/\/archive.sana.sy\/tr\/index.php?rest_route=%2Fwp%2Fv2%2Fmedia&parent=326230"}],"wp:term":[{"taxonomy":"category","embeddable":true,"href":"https:\/\/archive.sana.sy\/tr\/index.php?rest_route=%2Fwp%2Fv2%2Fcategories&post=326230"},{"taxonomy":"post_tag","embeddable":true,"href":"https:\/\/archive.sana.sy\/tr\/index.php?rest_route=%2Fwp%2Fv2%2Ftags&post=326230"}],"curies":[{"name":"wp","href":"https:\/\/api.w.org\/{rel}","templated":true}]}}