{"id":326232,"date":"2025-07-23T13:08:25","date_gmt":"2025-07-23T10:08:25","guid":{"rendered":"https:\/\/sana.sy\/tr\/?p=326232"},"modified":"2025-07-23T16:03:37","modified_gmt":"2025-07-23T13:03:37","slug":"baris-ve-guvenlige-yonelik-ciddi-bir-tehdit-katar-israilin-suriyeye-yonelik-saldirilarini-kinadi","status":"publish","type":"post","link":"https:\/\/archive.sana.sy\/tr\/?p=326232","title":{"rendered":"Bar\u0131\u015f Ve G\u00fcvenli\u011fe Y\u00f6nelik Ciddi Bir Tehdit&#8230; Katar, \u0130srail&#8217;in Suriye&#8217;ye Y\u00f6nelik Sald\u0131r\u0131lar\u0131n\u0131 K\u0131nad\u0131"},"content":{"rendered":"<hr data-start=\"95\" data-end=\"98\" \/>\n<p style=\"text-align: justify;\" data-start=\"100\" data-end=\"300\"><strong data-start=\"100\" data-end=\"300\"><span style=\"color: #ff0000;\">LAHEY (SANA)<\/span> \u2013 <\/strong>Katar, \u0130srail\u2019in Suriye topraklar\u0131na y\u00f6nelik tekrarlanan sald\u0131r\u0131lar\u0131n\u0131 ve genel politikalar\u0131n\u0131 \u015fiddetle k\u0131nayarak, bu eylemlerin uluslararas\u0131 hukukun a\u00e7\u0131k ihlali oldu\u011funu vurgulad\u0131.<\/p>\n<p style=\"text-align: justify;\" data-start=\"302\" data-end=\"772\">Katar Haber Ajans\u0131 \u201cQNA\u201dn\u0131n haberine g\u00f6re, Kimyasal Silahlar\u0131n Yasaklanmas\u0131 \u00d6rg\u00fct\u00fc (OPCW) Y\u00fcr\u00fctme Kurulu toplant\u0131s\u0131nda konu\u015fan Katar\u2019\u0131n \u00f6rg\u00fctteki temsilcisi Mutlak bin Mecid El Kahtani, bu sald\u0131r\u0131lar\u0131n b\u00f6lgesel ve uluslararas\u0131 bar\u0131\u015f ile g\u00fcvenli\u011fe ciddi bir tehdit olu\u015fturdu\u011funu, ayr\u0131ca Birle\u015fmi\u015f Milletler Antla\u015fmas\u0131\u2019n\u0131n 2. maddesinde devletlerin egemenli\u011fi ve toprak b\u00fct\u00fcnl\u00fc\u011f\u00fcne kar\u015f\u0131 g\u00fc\u00e7 kullan\u0131m\u0131 veya g\u00fc\u00e7 tehdidinin yasaklanmas\u0131n\u0131n a\u00e7\u0131k bir ihlali oldu\u011funu belirtti.<\/p>\n<p style=\"text-align: justify;\" data-start=\"774\" data-end=\"1114\">El Kahtani, ayr\u0131ca \u0130srail\u2019in Viyana Antla\u015fmas\u0131 Hukuku S\u00f6zle\u015fmesi\u2019nin 18. maddesi uyar\u0131nca Kimyasal Silahlar S\u00f6zle\u015fmesi\u2019nin ama\u00e7 ve hedeflerinin ger\u00e7ekle\u015ftirilmesini engelleyecek t\u00fcm eylemlerden ka\u00e7\u0131nmakla y\u00fck\u00fcml\u00fc oldu\u011funu; bu s\u00f6zle\u015fmenin temel ama\u00e7lar\u0131n\u0131n herhangi bir \u015fekilde ihlalinin \u0130srail\u2019in hukuki sorumlulu\u011funu do\u011furdu\u011funu vurgulad\u0131.<\/p>\n<p style=\"text-align: justify;\" data-start=\"1116\" data-end=\"1314\">Katar temsilcisi, bu eylemlerin kesinlikle k\u0131nanmas\u0131 gerekti\u011fini, uluslararas\u0131 toplumun sald\u0131r\u0131lar\u0131 durdurmak ve Suriye\u2019nin egemenli\u011fini korumak i\u00e7in gerekli t\u00fcm \u00f6nlemleri almas\u0131 \u00e7a\u011fr\u0131s\u0131nda bulundu.<\/p>\n<p style=\"text-align: justify;\" data-start=\"1316\" data-end=\"1689\">Ayr\u0131ca, etkilenen b\u00f6lgelerin de\u011ferlendirilmesi, zararlar\u0131n belgelenmesi ve bunun \u00f6rg\u00fct\u00fcn \u00e7al\u0131\u015fmalar\u0131 ile uzmanlar\u0131n\u0131n g\u00fcvenli\u011fi \u00fczerindeki etkilerinin belirlenmesi amac\u0131yla teknik bir saha misyonu g\u00f6nderilmesi olas\u0131l\u0131\u011f\u0131n\u0131n de\u011ferlendirilmesi gerekti\u011fini kaydetti. Bu ad\u0131m\u0131n, uluslararas\u0131 hukuka uygun olarak hesap verebilirli\u011fin somut temellerini olu\u015fturaca\u011f\u0131na i\u015faret etti.<\/p>\n","protected":false},"excerpt":{"rendered":"<p>LAHEY (SANA) \u2013 Katar, \u0130srail\u2019in Suriye topraklar\u0131na y\u00f6nelik tekrarlanan sald\u0131r\u0131lar\u0131n\u0131 ve genel politikalar\u0131n\u0131 \u015fiddetle k\u0131nayarak, bu eylemlerin uluslararas\u0131 hukukun a\u00e7\u0131k ihlali oldu\u011funu vurgulad\u0131. Katar Haber Ajans\u0131 \u201cQNA\u201dn\u0131n haberine g\u00f6re, Kimyasal Silahlar\u0131n Yasaklanmas\u0131 \u00d6rg\u00fct\u00fc (OPCW) Y\u00fcr\u00fctme Kurulu toplant\u0131s\u0131nda konu\u015fan Katar\u2019\u0131n \u00f6rg\u00fctteki temsilcisi Mutlak bin Mecid El Kahtani, bu sald\u0131r\u0131lar\u0131n b\u00f6lgesel ve uluslararas\u0131 bar\u0131\u015f ile g\u00fcvenli\u011fe ciddi &hellip;<\/p>\n","protected":false},"author":39,"featured_media":326233,"comment_status":"closed","ping_status":"closed","sticky":false,"template":"","format":"standard","meta":{"footnotes":""},"categories":[458,589,459,17988],"tags":[],"class_list":["post-326232","post","type-post","status-publish","format-standard","has-post-thumbnail","","category-dunya1","category-haber-seridi","category-haberler-arap-uluslararasi-politika","category-son-haberler"],"_links":{"self":[{"href":"https:\/\/archive.sana.sy\/tr\/index.php?rest_route=\/wp\/v2\/posts\/326232","targetHints":{"allow":["GET"]}}],"collection":[{"href":"https:\/\/archive.sana.sy\/tr\/index.php?rest_route=\/wp\/v2\/posts"}],"about":[{"href":"https:\/\/archive.sana.sy\/tr\/index.php?rest_route=\/wp\/v2\/types\/post"}],"author":[{"embeddable":true,"href":"https:\/\/archive.sana.sy\/tr\/index.php?rest_route=\/wp\/v2\/users\/39"}],"replies":[{"embeddable":true,"href":"https:\/\/archive.sana.sy\/tr\/index.php?rest_route=%2Fwp%2Fv2%2Fcomments&post=326232"}],"version-history":[{"count":3,"href":"https:\/\/archive.sana.sy\/tr\/index.php?rest_route=\/wp\/v2\/posts\/326232\/revisions"}],"predecessor-version":[{"id":326275,"href":"https:\/\/archive.sana.sy\/tr\/index.php?rest_route=\/wp\/v2\/posts\/326232\/revisions\/326275"}],"wp:featuredmedia":[{"embeddable":true,"href":"https:\/\/archive.sana.sy\/tr\/index.php?rest_route=\/wp\/v2\/media\/326233"}],"wp:attachment":[{"href":"https:\/\/archive.sana.sy\/tr\/index.php?rest_route=%2Fwp%2Fv2%2Fmedia&parent=326232"}],"wp:term":[{"taxonomy":"category","embeddable":true,"href":"https:\/\/archive.sana.sy\/tr\/index.php?rest_route=%2Fwp%2Fv2%2Fcategories&post=326232"},{"taxonomy":"post_tag","embeddable":true,"href":"https:\/\/archive.sana.sy\/tr\/index.php?rest_route=%2Fwp%2Fv2%2Ftags&post=326232"}],"curies":[{"name":"wp","href":"https:\/\/api.w.org\/{rel}","templated":true}]}}