{"id":326248,"date":"2025-07-22T13:44:10","date_gmt":"2025-07-22T10:44:10","guid":{"rendered":"https:\/\/sana.sy\/tr\/?p=326248"},"modified":"2025-07-23T13:44:21","modified_gmt":"2025-07-23T10:44:21","slug":"avusturyadaki-suriye-toplumu-uyeleri-israilin-suriye-topraklarina-yonelik-saldirilarini-kinamak-icin-protesto-duzenledi-2","status":"publish","type":"post","link":"https:\/\/archive.sana.sy\/tr\/?p=326248","title":{"rendered":"Avusturya\u2019daki Suriye Toplumu \u00dcyeleri, \u0130srail\u2019in Suriye Topraklar\u0131na Y\u00f6nelik Sald\u0131r\u0131lar\u0131n\u0131 K\u0131namak \u0130\u00e7in Protesto D\u00fczenledi"},"content":{"rendered":"<p>&nbsp;<\/p>\n<p style=\"text-align: center;\"><iframe loading=\"lazy\" title=\"\u0623\u0628\u0646\u0627\u0621 \u0627\u0644\u062c\u0627\u0644\u064a\u0629 \u0627\u0644\u0633\u0648\u0631\u064a\u0629 \u0628\u0627\u0644\u0646\u0645\u0633\u0627 \u064a\u0646\u0638\u0645\u0648\u0646 \u0648\u0642\u0641\u0629 \u0627\u062d\u062a\u062c\u0627\u062c\u064a\u0629 \u062a\u0646\u062f\u064a\u062f\u0627\u064b \u0628\u0627\u0644\u0627\u0639\u062a\u062f\u0627\u0621\u0627\u062a \u0627\u0644\u0625\u0633\u0631\u0627\u0626\u064a\u0644\u064a\u0629 \u0639\u0644\u0649 \u0633\u0648\u0631\u064a\u0627\" src=\"https:\/\/www.youtube.com\/embed\/o1Pjt_7raWM\" width=\"620\" height=\"347\" frameborder=\"0\" allowfullscreen=\"allowfullscreen\"><\/iframe><\/p>\n","protected":false},"excerpt":{"rendered":"<p>&nbsp;<\/p>\n","protected":false},"author":39,"featured_media":326249,"comment_status":"closed","ping_status":"closed","sticky":false,"template":"","format":"standard","meta":{"footnotes":""},"categories":[18295],"tags":[],"class_list":["post-326248","post","type-post","status-publish","format-standard","has-post-thumbnail","","category-sana-video"],"_links":{"self":[{"href":"https:\/\/archive.sana.sy\/tr\/index.php?rest_route=\/wp\/v2\/posts\/326248","targetHints":{"allow":["GET"]}}],"collection":[{"href":"https:\/\/archive.sana.sy\/tr\/index.php?rest_route=\/wp\/v2\/posts"}],"about":[{"href":"https:\/\/archive.sana.sy\/tr\/index.php?rest_route=\/wp\/v2\/types\/post"}],"author":[{"embeddable":true,"href":"https:\/\/archive.sana.sy\/tr\/index.php?rest_route=\/wp\/v2\/users\/39"}],"replies":[{"embeddable":true,"href":"https:\/\/archive.sana.sy\/tr\/index.php?rest_route=%2Fwp%2Fv2%2Fcomments&post=326248"}],"version-history":[{"count":1,"href":"https:\/\/archive.sana.sy\/tr\/index.php?rest_route=\/wp\/v2\/posts\/326248\/revisions"}],"predecessor-version":[{"id":326250,"href":"https:\/\/archive.sana.sy\/tr\/index.php?rest_route=\/wp\/v2\/posts\/326248\/revisions\/326250"}],"wp:featuredmedia":[{"embeddable":true,"href":"https:\/\/archive.sana.sy\/tr\/index.php?rest_route=\/wp\/v2\/media\/326249"}],"wp:attachment":[{"href":"https:\/\/archive.sana.sy\/tr\/index.php?rest_route=%2Fwp%2Fv2%2Fmedia&parent=326248"}],"wp:term":[{"taxonomy":"category","embeddable":true,"href":"https:\/\/archive.sana.sy\/tr\/index.php?rest_route=%2Fwp%2Fv2%2Fcategories&post=326248"},{"taxonomy":"post_tag","embeddable":true,"href":"https:\/\/archive.sana.sy\/tr\/index.php?rest_route=%2Fwp%2Fv2%2Ftags&post=326248"}],"curies":[{"name":"wp","href":"https:\/\/api.w.org\/{rel}","templated":true}]}}