{"id":326251,"date":"2025-07-23T12:01:30","date_gmt":"2025-07-23T09:01:30","guid":{"rendered":"https:\/\/sana.sy\/tr\/?p=326251"},"modified":"2025-07-23T14:01:56","modified_gmt":"2025-07-23T11:01:56","slug":"suudi-yatirim-bakani-baskanliginda-130dan-fazla-isadami-ve-yatirimcidan-olusan-suudi-arabistan-heyeti-sam-havalimanina-geldi","status":"publish","type":"post","link":"https:\/\/archive.sana.sy\/tr\/?p=326251","title":{"rendered":"Suudi Yat\u0131r\u0131m Bakan\u0131 Ba\u015fkanl\u0131\u011f\u0131nda 130&#8217;dan Fazla \u0130\u015fadam\u0131 Ve Yat\u0131r\u0131mc\u0131dan Olu\u015fan Suudi Arabistan Heyeti \u015eam Havaliman\u0131&#8217;na Geldi"},"content":{"rendered":"<p style=\"text-align: justify;\"><span style=\"color: #ff0000;\"><strong>\u015eAM (SANA) &#8211;<\/strong> <\/span>Suudi Arabistan Yat\u0131r\u0131m Bakan\u0131 Halid bin Abdulaziz El Falih ba\u015fkanl\u0131\u011f\u0131ndaki 130&#8217;dan fazla i\u015fadam\u0131 ve yat\u0131r\u0131mc\u0131dan olu\u015fan Suudi Arabistan heyeti, ortak i\u015fbirli\u011fi olanaklar\u0131n\u0131 g\u00f6r\u00fc\u015fmek ve Suriye ile Suudi Arabistan Krall\u0131\u011f\u0131 aras\u0131nda s\u00fcrd\u00fcr\u00fclebilir kalk\u0131nma ve ekonomik \u00e7\u0131karlar\u0131n geli\u015ftirilmesine katk\u0131da bulunacak anla\u015fmalar imzalamak \u00fczere Uluslararas\u0131 \u015eam Havaliman\u0131&#8217;na geldi.<\/p>\n<p style=\"text-align: justify;\">Suudi heyeti, Ekonomi ve Sanayi Bakan\u0131 Dr. Muhammed Nidal El \u015eaar, Enerji Bakan\u0131 M\u00fch. Muhammed El Be\u015fir, \u0130leti\u015fim ve Bilgi Teknolojileri Bakan\u0131 Abdusselam Heykel ve Suudi Arabistan&#8217;\u0131n Suriye B\u00fcy\u00fckel\u00e7isi Faysal bin Suud El Mecfal taraf\u0131ndan kar\u015f\u0131land\u0131.<\/p>\n<p style=\"text-align: justify;\">Ziyaret program\u0131, Suriye-Suudi yat\u0131r\u0131m forumunun d\u00fczenlenmesini ve \u015eam k\u0131rsal\u0131ndaki Adra Sanayi B\u00f6lgesi&#8217;nde &#8220;Fayhaa&#8221; Beyaz \u00c7imento Fabrikas\u0131 projesinin lansman\u0131n\u0131 i\u00e7eriyor.<\/p>\n<div id='gallery-1' class='gallery galleryid-326251 gallery-columns-1 gallery-size-full'><figure class='gallery-item'>\n\t\t\t<div class='gallery-icon landscape'>\n\t\t\t\t<a href='https:\/\/archive.sana.sy\/tr\/wp-content\/uploads\/2025\/07\/photo_2025-07-23_12-26-48.jpg'><img loading=\"lazy\" decoding=\"async\" width=\"1280\" height=\"853\" src=\"https:\/\/archive.sana.sy\/tr\/wp-content\/uploads\/2025\/07\/photo_2025-07-23_12-26-48.jpg\" class=\"attachment-full size-full\" alt=\"\" srcset=\"https:\/\/archive.sana.sy\/tr\/wp-content\/uploads\/2025\/07\/photo_2025-07-23_12-26-48.jpg 1280w, https:\/\/archive.sana.sy\/tr\/wp-content\/uploads\/2025\/07\/photo_2025-07-23_12-26-48-300x200.jpg 300w, https:\/\/archive.sana.sy\/tr\/wp-content\/uploads\/2025\/07\/photo_2025-07-23_12-26-48-1024x682.jpg 1024w, https:\/\/archive.sana.sy\/tr\/wp-content\/uploads\/2025\/07\/photo_2025-07-23_12-26-48-768x512.jpg 768w\" sizes=\"auto, (max-width: 1280px) 100vw, 1280px\" \/><\/a>\n\t\t\t<\/div><\/figure><figure class='gallery-item'>\n\t\t\t<div class='gallery-icon landscape'>\n\t\t\t\t<a href='https:\/\/archive.sana.sy\/tr\/wp-content\/uploads\/2025\/07\/photo_2025-07-23_12-26-49.jpg'><img loading=\"lazy\" decoding=\"async\" width=\"1280\" height=\"852\" src=\"https:\/\/archive.sana.sy\/tr\/wp-content\/uploads\/2025\/07\/photo_2025-07-23_12-26-49.jpg\" class=\"attachment-full size-full\" alt=\"\" srcset=\"https:\/\/archive.sana.sy\/tr\/wp-content\/uploads\/2025\/07\/photo_2025-07-23_12-26-49.jpg 1280w, https:\/\/archive.sana.sy\/tr\/wp-content\/uploads\/2025\/07\/photo_2025-07-23_12-26-49-300x200.jpg 300w, https:\/\/archive.sana.sy\/tr\/wp-content\/uploads\/2025\/07\/photo_2025-07-23_12-26-49-1024x682.jpg 1024w, https:\/\/archive.sana.sy\/tr\/wp-content\/uploads\/2025\/07\/photo_2025-07-23_12-26-49-768x511.jpg 768w, https:\/\/archive.sana.sy\/tr\/wp-content\/uploads\/2025\/07\/photo_2025-07-23_12-26-49-310x205.jpg 310w\" sizes=\"auto, (max-width: 1280px) 100vw, 1280px\" \/><\/a>\n\t\t\t<\/div><\/figure><figure class='gallery-item'>\n\t\t\t<div class='gallery-icon landscape'>\n\t\t\t\t<a href='https:\/\/archive.sana.sy\/tr\/wp-content\/uploads\/2025\/07\/photo_2025-07-23_12-26-49-2.jpg'><img loading=\"lazy\" decoding=\"async\" width=\"1280\" height=\"852\" src=\"https:\/\/archive.sana.sy\/tr\/wp-content\/uploads\/2025\/07\/photo_2025-07-23_12-26-49-2.jpg\" class=\"attachment-full size-full\" alt=\"\" srcset=\"https:\/\/archive.sana.sy\/tr\/wp-content\/uploads\/2025\/07\/photo_2025-07-23_12-26-49-2.jpg 1280w, https:\/\/archive.sana.sy\/tr\/wp-content\/uploads\/2025\/07\/photo_2025-07-23_12-26-49-2-300x200.jpg 300w, https:\/\/archive.sana.sy\/tr\/wp-content\/uploads\/2025\/07\/photo_2025-07-23_12-26-49-2-1024x682.jpg 1024w, https:\/\/archive.sana.sy\/tr\/wp-content\/uploads\/2025\/07\/photo_2025-07-23_12-26-49-2-768x511.jpg 768w, https:\/\/archive.sana.sy\/tr\/wp-content\/uploads\/2025\/07\/photo_2025-07-23_12-26-49-2-310x205.jpg 310w\" sizes=\"auto, (max-width: 1280px) 100vw, 1280px\" \/><\/a>\n\t\t\t<\/div><\/figure>\n\t\t<\/div>\n\n","protected":false},"excerpt":{"rendered":"<p>\u015eAM (SANA) &#8211; Suudi Arabistan Yat\u0131r\u0131m Bakan\u0131 Halid bin Abdulaziz El Falih ba\u015fkanl\u0131\u011f\u0131ndaki 130&#8217;dan fazla i\u015fadam\u0131 ve yat\u0131r\u0131mc\u0131dan olu\u015fan Suudi Arabistan heyeti, ortak i\u015fbirli\u011fi olanaklar\u0131n\u0131 g\u00f6r\u00fc\u015fmek ve Suriye ile Suudi Arabistan Krall\u0131\u011f\u0131 aras\u0131nda s\u00fcrd\u00fcr\u00fclebilir kalk\u0131nma ve ekonomik \u00e7\u0131karlar\u0131n geli\u015ftirilmesine katk\u0131da bulunacak anla\u015fmalar imzalamak \u00fczere Uluslararas\u0131 \u015eam Havaliman\u0131&#8217;na geldi. Suudi heyeti, Ekonomi ve Sanayi Bakan\u0131 Dr. &hellip;<\/p>\n","protected":false},"author":39,"featured_media":326252,"comment_status":"closed","ping_status":"closed","sticky":false,"template":"","format":"standard","meta":{"footnotes":""},"categories":[596,589,479,17988,478],"tags":[],"class_list":["post-326251","post","type-post","status-publish","format-standard","has-post-thumbnail","","category-fotografli-raporlar","category-haber-seridi","category-haberler-yerel","category-son-haberler","category-yerel"],"_links":{"self":[{"href":"https:\/\/archive.sana.sy\/tr\/index.php?rest_route=\/wp\/v2\/posts\/326251","targetHints":{"allow":["GET"]}}],"collection":[{"href":"https:\/\/archive.sana.sy\/tr\/index.php?rest_route=\/wp\/v2\/posts"}],"about":[{"href":"https:\/\/archive.sana.sy\/tr\/index.php?rest_route=\/wp\/v2\/types\/post"}],"author":[{"embeddable":true,"href":"https:\/\/archive.sana.sy\/tr\/index.php?rest_route=\/wp\/v2\/users\/39"}],"replies":[{"embeddable":true,"href":"https:\/\/archive.sana.sy\/tr\/index.php?rest_route=%2Fwp%2Fv2%2Fcomments&post=326251"}],"version-history":[{"count":1,"href":"https:\/\/archive.sana.sy\/tr\/index.php?rest_route=\/wp\/v2\/posts\/326251\/revisions"}],"predecessor-version":[{"id":326256,"href":"https:\/\/archive.sana.sy\/tr\/index.php?rest_route=\/wp\/v2\/posts\/326251\/revisions\/326256"}],"wp:featuredmedia":[{"embeddable":true,"href":"https:\/\/archive.sana.sy\/tr\/index.php?rest_route=\/wp\/v2\/media\/326252"}],"wp:attachment":[{"href":"https:\/\/archive.sana.sy\/tr\/index.php?rest_route=%2Fwp%2Fv2%2Fmedia&parent=326251"}],"wp:term":[{"taxonomy":"category","embeddable":true,"href":"https:\/\/archive.sana.sy\/tr\/index.php?rest_route=%2Fwp%2Fv2%2Fcategories&post=326251"},{"taxonomy":"post_tag","embeddable":true,"href":"https:\/\/archive.sana.sy\/tr\/index.php?rest_route=%2Fwp%2Fv2%2Ftags&post=326251"}],"curies":[{"name":"wp","href":"https:\/\/api.w.org\/{rel}","templated":true}]}}