{"id":326257,"date":"2025-07-23T12:04:33","date_gmt":"2025-07-23T09:04:33","guid":{"rendered":"https:\/\/sana.sy\/tr\/?p=326257"},"modified":"2025-07-23T14:04:47","modified_gmt":"2025-07-23T11:04:47","slug":"hava-kuvvetleri-komutani-tuggeneral-asim-havari-turkiyede-idef-2025-kapsaminda-turk-silahli-kuvvetleri-genelkurmay-baskani-orgeneral-ile-bir-araya-geldi","status":"publish","type":"post","link":"https:\/\/archive.sana.sy\/tr\/?p=326257","title":{"rendered":"Hava Kuvvetleri Komutan\u0131 Tu\u011fgeneral As\u0131m Havari, T\u00fcrkiye&#8217;de IDEF 2025 Kapsam\u0131nda T\u00fcrk Silahl\u0131 Kuvvetleri Genelkurmay Ba\u015fkan\u0131 Orgeneral \u0130le Bir Araya Geldi"},"content":{"rendered":"<p style=\"text-align: justify;\"><span style=\"color: #ff0000;\"><strong>ANKARA (SANA) &#8211;<\/strong><\/span> Savunma Bakanl\u0131\u011f\u0131 Hava Kuvvetleri Komutan\u0131 Tu\u011fgeneral As\u0131m Havari, T\u00fcrkiye&#8217;de d\u00fczenlenen IDEF 2025 Savunma Sanayii Fuar\u0131 kapsam\u0131nda T\u00fcrk Silahl\u0131 Kuvvetleri Genelkurmay Ba\u015fkan\u0131 Metin G\u00fcrak ile bir araya geldi.<\/p>\n","protected":false},"excerpt":{"rendered":"<p>ANKARA (SANA) &#8211; Savunma Bakanl\u0131\u011f\u0131 Hava Kuvvetleri Komutan\u0131 Tu\u011fgeneral As\u0131m Havari, T\u00fcrkiye&#8217;de d\u00fczenlenen IDEF 2025 Savunma Sanayii Fuar\u0131 kapsam\u0131nda T\u00fcrk Silahl\u0131 Kuvvetleri Genelkurmay Ba\u015fkan\u0131 Metin G\u00fcrak ile bir araya geldi.<\/p>\n","protected":false},"author":39,"featured_media":326258,"comment_status":"closed","ping_status":"closed","sticky":false,"template":"","format":"standard","meta":{"footnotes":""},"categories":[458,589,459,17988,2554,2555],"tags":[],"class_list":["post-326257","post","type-post","status-publish","format-standard","has-post-thumbnail","","category-dunya1","category-haber-seridi","category-haberler-arap-uluslararasi-politika","category-son-haberler","category-suriye-ve-dunya","category-suriye-ve-turkiye"],"_links":{"self":[{"href":"https:\/\/archive.sana.sy\/tr\/index.php?rest_route=\/wp\/v2\/posts\/326257","targetHints":{"allow":["GET"]}}],"collection":[{"href":"https:\/\/archive.sana.sy\/tr\/index.php?rest_route=\/wp\/v2\/posts"}],"about":[{"href":"https:\/\/archive.sana.sy\/tr\/index.php?rest_route=\/wp\/v2\/types\/post"}],"author":[{"embeddable":true,"href":"https:\/\/archive.sana.sy\/tr\/index.php?rest_route=\/wp\/v2\/users\/39"}],"replies":[{"embeddable":true,"href":"https:\/\/archive.sana.sy\/tr\/index.php?rest_route=%2Fwp%2Fv2%2Fcomments&post=326257"}],"version-history":[{"count":1,"href":"https:\/\/archive.sana.sy\/tr\/index.php?rest_route=\/wp\/v2\/posts\/326257\/revisions"}],"predecessor-version":[{"id":326259,"href":"https:\/\/archive.sana.sy\/tr\/index.php?rest_route=\/wp\/v2\/posts\/326257\/revisions\/326259"}],"wp:featuredmedia":[{"embeddable":true,"href":"https:\/\/archive.sana.sy\/tr\/index.php?rest_route=\/wp\/v2\/media\/326258"}],"wp:attachment":[{"href":"https:\/\/archive.sana.sy\/tr\/index.php?rest_route=%2Fwp%2Fv2%2Fmedia&parent=326257"}],"wp:term":[{"taxonomy":"category","embeddable":true,"href":"https:\/\/archive.sana.sy\/tr\/index.php?rest_route=%2Fwp%2Fv2%2Fcategories&post=326257"},{"taxonomy":"post_tag","embeddable":true,"href":"https:\/\/archive.sana.sy\/tr\/index.php?rest_route=%2Fwp%2Fv2%2Ftags&post=326257"}],"curies":[{"name":"wp","href":"https:\/\/api.w.org\/{rel}","templated":true}]}}