{"id":326260,"date":"2025-07-23T14:46:46","date_gmt":"2025-07-23T11:46:46","guid":{"rendered":"https:\/\/sana.sy\/tr\/?p=326260"},"modified":"2025-07-23T14:46:46","modified_gmt":"2025-07-23T11:46:46","slug":"yaptirimlarin-kaldirilmasi-masada-ankara-ve-istanbulda-abd-suriye-turkiye-irak-gorusmeleri","status":"publish","type":"post","link":"https:\/\/archive.sana.sy\/tr\/?p=326260","title":{"rendered":"Yapt\u0131r\u0131mlar\u0131n Kald\u0131r\u0131lmas\u0131 Masada\u2026 Ankara ve \u0130stanbul\u2019da ABD-Suriye-T\u00fcrkiye-Irak G\u00f6r\u00fc\u015fmeleri"},"content":{"rendered":"<p style=\"text-align: justify;\"><span style=\"color: #ff0000;\"><strong>ANKARA (SANA) \u2013<\/strong><\/span> ABD\u2019nin \u0130stanbul Konsoloslu\u011fu, ABD Hazine Bakanl\u0131\u011f\u0131\u2019ndan bir heyetin, T\u00fcrkiye, Suriye ve Irakl\u0131 yetkililerle bir araya gelerek Suriye\u2019ye uygulanan yapt\u0131r\u0131mlar\u0131n kald\u0131r\u0131lmas\u0131 konusunu g\u00f6r\u00fc\u015fmek \u00fczere T\u00fcrkiye\u2019de temaslarda bulundu\u011funu duyurdu. Washington y\u00f6netiminin, Suriye\u2019nin kara para aklama ve ter\u00f6r\u00fcn finansman\u0131yla m\u00fccadele kapasitesinin g\u00fc\u00e7lendirilmesine destek vermeye haz\u0131r oldu\u011fu vurguland\u0131.<\/p>\n<p style=\"text-align: justify;\">Anadolu Ajans\u0131\u2019n\u0131n aktard\u0131\u011f\u0131 a\u00e7\u0131klamada, \u201cHeyete, ABD Hazine Bakanl\u0131\u011f\u0131 Ter\u00f6r\u00fcn Finansman\u0131 ile M\u00fccadele \u0130\u015flerinden Sorumlu Vekil Yard\u0131mc\u0131s\u0131 Anna Morris ba\u015fkanl\u0131k etmektedir. Heyet, ge\u00e7en pazar Ankara\u2019ya ula\u015fm\u0131\u015ft\u0131r.\u201d denildi.<\/p>\n<p style=\"text-align: justify;\">A\u00e7\u0131klamada, \u201cABD heyeti, Ankara ve \u0130stanbul\u2019da T\u00fcrkiye, Suriye ve Irak\u2019tan mali kurum temsilcileri ve yetkililerle kapsaml\u0131 g\u00f6r\u00fc\u015fmeler yapmaktad\u0131r.\u201d ifadesi kullan\u0131ld\u0131. G\u00f6r\u00fc\u015fmelerin, ABD Ba\u015fkan\u0131 Donald Trump\u2019\u0131n Suriye\u2019ye y\u00f6nelik yapt\u0131r\u0131mlar\u0131n kald\u0131r\u0131lmas\u0131 karar\u0131na odakland\u0131\u011f\u0131 belirtildi.<\/p>\n<p style=\"text-align: justify;\">ABD Hazine Bakanl\u0131\u011f\u0131, yeni Suriye y\u00f6netiminin kara para aklama ve ter\u00f6r\u00fcn finansman\u0131 ile m\u00fccadele kapasitesini art\u0131rma \u00e7abalar\u0131na destek vermeye haz\u0131r oldu\u011funu teyit etti.<\/p>\n","protected":false},"excerpt":{"rendered":"<p>ANKARA (SANA) \u2013 ABD\u2019nin \u0130stanbul Konsoloslu\u011fu, ABD Hazine Bakanl\u0131\u011f\u0131\u2019ndan bir heyetin, T\u00fcrkiye, Suriye ve Irakl\u0131 yetkililerle bir araya gelerek Suriye\u2019ye uygulanan yapt\u0131r\u0131mlar\u0131n kald\u0131r\u0131lmas\u0131 konusunu g\u00f6r\u00fc\u015fmek \u00fczere T\u00fcrkiye\u2019de temaslarda bulundu\u011funu duyurdu. Washington y\u00f6netiminin, Suriye\u2019nin kara para aklama ve ter\u00f6r\u00fcn finansman\u0131yla m\u00fccadele kapasitesinin g\u00fc\u00e7lendirilmesine destek vermeye haz\u0131r oldu\u011fu vurguland\u0131. Anadolu Ajans\u0131\u2019n\u0131n aktard\u0131\u011f\u0131 a\u00e7\u0131klamada, \u201cHeyete, ABD Hazine Bakanl\u0131\u011f\u0131 &hellip;<\/p>\n","protected":false},"author":39,"featured_media":326261,"comment_status":"closed","ping_status":"closed","sticky":false,"template":"","format":"standard","meta":{"footnotes":""},"categories":[458,589,459,17988],"tags":[],"class_list":["post-326260","post","type-post","status-publish","format-standard","has-post-thumbnail","","category-dunya1","category-haber-seridi","category-haberler-arap-uluslararasi-politika","category-son-haberler"],"_links":{"self":[{"href":"https:\/\/archive.sana.sy\/tr\/index.php?rest_route=\/wp\/v2\/posts\/326260","targetHints":{"allow":["GET"]}}],"collection":[{"href":"https:\/\/archive.sana.sy\/tr\/index.php?rest_route=\/wp\/v2\/posts"}],"about":[{"href":"https:\/\/archive.sana.sy\/tr\/index.php?rest_route=\/wp\/v2\/types\/post"}],"author":[{"embeddable":true,"href":"https:\/\/archive.sana.sy\/tr\/index.php?rest_route=\/wp\/v2\/users\/39"}],"replies":[{"embeddable":true,"href":"https:\/\/archive.sana.sy\/tr\/index.php?rest_route=%2Fwp%2Fv2%2Fcomments&post=326260"}],"version-history":[{"count":1,"href":"https:\/\/archive.sana.sy\/tr\/index.php?rest_route=\/wp\/v2\/posts\/326260\/revisions"}],"predecessor-version":[{"id":326262,"href":"https:\/\/archive.sana.sy\/tr\/index.php?rest_route=\/wp\/v2\/posts\/326260\/revisions\/326262"}],"wp:featuredmedia":[{"embeddable":true,"href":"https:\/\/archive.sana.sy\/tr\/index.php?rest_route=\/wp\/v2\/media\/326261"}],"wp:attachment":[{"href":"https:\/\/archive.sana.sy\/tr\/index.php?rest_route=%2Fwp%2Fv2%2Fmedia&parent=326260"}],"wp:term":[{"taxonomy":"category","embeddable":true,"href":"https:\/\/archive.sana.sy\/tr\/index.php?rest_route=%2Fwp%2Fv2%2Fcategories&post=326260"},{"taxonomy":"post_tag","embeddable":true,"href":"https:\/\/archive.sana.sy\/tr\/index.php?rest_route=%2Fwp%2Fv2%2Ftags&post=326260"}],"curies":[{"name":"wp","href":"https:\/\/api.w.org\/{rel}","templated":true}]}}