{"id":326276,"date":"2025-07-23T16:20:36","date_gmt":"2025-07-23T13:20:36","guid":{"rendered":"https:\/\/sana.sy\/tr\/?p=326276"},"modified":"2025-07-23T16:20:36","modified_gmt":"2025-07-23T13:20:36","slug":"ab-ve-japonya-suriyenin-istikrarli-bir-gelecege-dogru-ilerlemesini-destekliyoruz","status":"publish","type":"post","link":"https:\/\/archive.sana.sy\/tr\/?p=326276","title":{"rendered":"AB ve Japonya: Suriye\u2019nin \u0130stikrarl\u0131 Bir Gelece\u011fe Do\u011fru \u0130lerlemesini Destekliyoruz"},"content":{"rendered":"<p style=\"text-align: justify;\"><strong><span style=\"color: #ff0000;\">TOKYO (SANA)<\/span> &#8211; <\/strong>\u00a0Avrupa Birli\u011fi ve Japonya, Suriye\u2019nin istikrarl\u0131 bir gelece\u011fe do\u011fru ilerlemesine destek verme taahh\u00fcd\u00fcn\u00fc dile getirdi.<\/p>\n<p style=\"text-align: justify;\">Avrupa Birli\u011fi ve Japonya Zirvesi 2025\u2019in ard\u0131ndan Avrupa Komisyonu\u2019nun resmi internet sitesinde yay\u0131mlanan ortak a\u00e7\u0131klamada, taraflar \u015fu ifadeleri kulland\u0131: \u201cSuriyeli halk\u0131n bar\u0131\u015f\u00e7\u0131l, kapsay\u0131c\u0131 ve istikrarl\u0131 bir siyasi gelece\u011fe ula\u015fma \u00e7abalar\u0131n\u0131 destekledi\u011fimizi ifade ediyoruz.\u201d<\/p>\n<p style=\"text-align: justify;\">Taraflar ayr\u0131ca Orta Do\u011fu\u2019da b\u00f6lgesel bar\u0131\u015f ve istikrar\u0131n g\u00fc\u00e7lendirilmesine, Gazze\u2019de derhal ve kal\u0131c\u0131 bir ate\u015fkes sa\u011flanmas\u0131na, t\u00fcm rehine ki\u015filerin serbest b\u0131rak\u0131lmas\u0131na ve insani yard\u0131m\u0131n engellenmeden Gazze\u2019ye ula\u015ft\u0131r\u0131lmas\u0131n\u0131n garanti alt\u0131na al\u0131nmas\u0131na olan ba\u011fl\u0131l\u0131klar\u0131n\u0131 ifade ettiler.<\/p>\n","protected":false},"excerpt":{"rendered":"<p>TOKYO (SANA) &#8211; \u00a0Avrupa Birli\u011fi ve Japonya, Suriye\u2019nin istikrarl\u0131 bir gelece\u011fe do\u011fru ilerlemesine destek verme taahh\u00fcd\u00fcn\u00fc dile getirdi. Avrupa Birli\u011fi ve Japonya Zirvesi 2025\u2019in ard\u0131ndan Avrupa Komisyonu\u2019nun resmi internet sitesinde yay\u0131mlanan ortak a\u00e7\u0131klamada, taraflar \u015fu ifadeleri kulland\u0131: \u201cSuriyeli halk\u0131n bar\u0131\u015f\u00e7\u0131l, kapsay\u0131c\u0131 ve istikrarl\u0131 bir siyasi gelece\u011fe ula\u015fma \u00e7abalar\u0131n\u0131 destekledi\u011fimizi ifade ediyoruz.\u201d Taraflar ayr\u0131ca Orta Do\u011fu\u2019da &hellip;<\/p>\n","protected":false},"author":41,"featured_media":326277,"comment_status":"closed","ping_status":"closed","sticky":false,"template":"","format":"standard","meta":{"footnotes":""},"categories":[458,589,459,17988],"tags":[],"class_list":["post-326276","post","type-post","status-publish","format-standard","has-post-thumbnail","","category-dunya1","category-haber-seridi","category-haberler-arap-uluslararasi-politika","category-son-haberler"],"_links":{"self":[{"href":"https:\/\/archive.sana.sy\/tr\/index.php?rest_route=\/wp\/v2\/posts\/326276","targetHints":{"allow":["GET"]}}],"collection":[{"href":"https:\/\/archive.sana.sy\/tr\/index.php?rest_route=\/wp\/v2\/posts"}],"about":[{"href":"https:\/\/archive.sana.sy\/tr\/index.php?rest_route=\/wp\/v2\/types\/post"}],"author":[{"embeddable":true,"href":"https:\/\/archive.sana.sy\/tr\/index.php?rest_route=\/wp\/v2\/users\/41"}],"replies":[{"embeddable":true,"href":"https:\/\/archive.sana.sy\/tr\/index.php?rest_route=%2Fwp%2Fv2%2Fcomments&post=326276"}],"version-history":[{"count":1,"href":"https:\/\/archive.sana.sy\/tr\/index.php?rest_route=\/wp\/v2\/posts\/326276\/revisions"}],"predecessor-version":[{"id":326278,"href":"https:\/\/archive.sana.sy\/tr\/index.php?rest_route=\/wp\/v2\/posts\/326276\/revisions\/326278"}],"wp:featuredmedia":[{"embeddable":true,"href":"https:\/\/archive.sana.sy\/tr\/index.php?rest_route=\/wp\/v2\/media\/326277"}],"wp:attachment":[{"href":"https:\/\/archive.sana.sy\/tr\/index.php?rest_route=%2Fwp%2Fv2%2Fmedia&parent=326276"}],"wp:term":[{"taxonomy":"category","embeddable":true,"href":"https:\/\/archive.sana.sy\/tr\/index.php?rest_route=%2Fwp%2Fv2%2Fcategories&post=326276"},{"taxonomy":"post_tag","embeddable":true,"href":"https:\/\/archive.sana.sy\/tr\/index.php?rest_route=%2Fwp%2Fv2%2Ftags&post=326276"}],"curies":[{"name":"wp","href":"https:\/\/api.w.org\/{rel}","templated":true}]}}