{"id":326289,"date":"2025-07-23T19:05:39","date_gmt":"2025-07-23T16:05:39","guid":{"rendered":"https:\/\/sana.sy\/tr\/?p=326289"},"modified":"2025-07-23T19:05:39","modified_gmt":"2025-07-23T16:05:39","slug":"suriye-ve-fransa-egitim-is-birligini-gorustu","status":"publish","type":"post","link":"https:\/\/archive.sana.sy\/tr\/?p=326289","title":{"rendered":"Suriye Ve Fransa, E\u011fitim \u0130\u015f Birli\u011fini G\u00f6r\u00fc\u015ft\u00fc"},"content":{"rendered":"<p style=\"text-align: justify;\"><span style=\"color: #ff0000;\"><strong>\u015eAM (SANA) \u2013<\/strong> <\/span>Suriye E\u011fitim Bakan\u0131 Muhammed Abdurrahman Tarku, \u015eam\u2019daki Frans\u0131z B\u00fcy\u00fckel\u00e7ili\u011fi Maslahatg\u00fczar\u0131 Jean Baptiste F\u00e9vrier ile bir araya gelerek e\u011fitim alan\u0131nda i\u015f birli\u011finin geli\u015ftirilmesini g\u00f6r\u00fc\u015ft\u00fc. <img loading=\"lazy\" decoding=\"async\" class=\"size-full wp-image-326290 alignright\" src=\"http:\/\/sana.sy\/tr\/wp-content\/uploads\/2025\/07\/1-22.jpg\" alt=\"\" width=\"300\" height=\"200\" \/><\/p>\n<p style=\"text-align: justify;\">Tarku, e\u011fitimin s\u00fcrd\u00fcr\u00fclebilir kalk\u0131nma ve istikrar i\u00e7in temel bir unsur oldu\u011funu vurgularken, \u00f6\u011fretmen e\u011fitimi, m\u00fcfredat geli\u015ftirme, \u00f6\u011frenci deste\u011fi ve okul altyap\u0131lar\u0131n\u0131n iyile\u015ftirilmesini i\u00e7eren kapsaml\u0131 planlar\u0131n\u0131 aktard\u0131.<\/p>\n<p style=\"text-align: justify;\">F\u00e9vrier ise Fransa&#8217;n\u0131n e\u011fitim alan\u0131ndaki i\u015f birli\u011fini art\u0131rmaya haz\u0131r oldu\u011funu belirterek, tecr\u00fcbe payla\u015f\u0131m\u0131n\u0131n \u00f6nemine dikkat \u00e7ekti.<\/p>\n<p style=\"text-align: justify;\">G\u00f6r\u00fc\u015fmeye baz\u0131 bakanl\u0131k yetkilileri kat\u0131ld\u0131.<\/p>\n","protected":false},"excerpt":{"rendered":"<p>\u015eAM (SANA) \u2013 Suriye E\u011fitim Bakan\u0131 Muhammed Abdurrahman Tarku, \u015eam\u2019daki Frans\u0131z B\u00fcy\u00fckel\u00e7ili\u011fi Maslahatg\u00fczar\u0131 Jean Baptiste F\u00e9vrier ile bir araya gelerek e\u011fitim alan\u0131nda i\u015f birli\u011finin geli\u015ftirilmesini g\u00f6r\u00fc\u015ft\u00fc. Tarku, e\u011fitimin s\u00fcrd\u00fcr\u00fclebilir kalk\u0131nma ve istikrar i\u00e7in temel bir unsur oldu\u011funu vurgularken, \u00f6\u011fretmen e\u011fitimi, m\u00fcfredat geli\u015ftirme, \u00f6\u011frenci deste\u011fi ve okul altyap\u0131lar\u0131n\u0131n iyile\u015ftirilmesini i\u00e7eren kapsaml\u0131 planlar\u0131n\u0131 aktard\u0131. F\u00e9vrier ise Fransa&#8217;n\u0131n &hellip;<\/p>\n","protected":false},"author":41,"featured_media":326291,"comment_status":"closed","ping_status":"closed","sticky":false,"template":"","format":"standard","meta":{"footnotes":""},"categories":[589,479,17988,478],"tags":[],"class_list":["post-326289","post","type-post","status-publish","format-standard","has-post-thumbnail","","category-haber-seridi","category-haberler-yerel","category-son-haberler","category-yerel"],"_links":{"self":[{"href":"https:\/\/archive.sana.sy\/tr\/index.php?rest_route=\/wp\/v2\/posts\/326289","targetHints":{"allow":["GET"]}}],"collection":[{"href":"https:\/\/archive.sana.sy\/tr\/index.php?rest_route=\/wp\/v2\/posts"}],"about":[{"href":"https:\/\/archive.sana.sy\/tr\/index.php?rest_route=\/wp\/v2\/types\/post"}],"author":[{"embeddable":true,"href":"https:\/\/archive.sana.sy\/tr\/index.php?rest_route=\/wp\/v2\/users\/41"}],"replies":[{"embeddable":true,"href":"https:\/\/archive.sana.sy\/tr\/index.php?rest_route=%2Fwp%2Fv2%2Fcomments&post=326289"}],"version-history":[{"count":1,"href":"https:\/\/archive.sana.sy\/tr\/index.php?rest_route=\/wp\/v2\/posts\/326289\/revisions"}],"predecessor-version":[{"id":326292,"href":"https:\/\/archive.sana.sy\/tr\/index.php?rest_route=\/wp\/v2\/posts\/326289\/revisions\/326292"}],"wp:featuredmedia":[{"embeddable":true,"href":"https:\/\/archive.sana.sy\/tr\/index.php?rest_route=\/wp\/v2\/media\/326291"}],"wp:attachment":[{"href":"https:\/\/archive.sana.sy\/tr\/index.php?rest_route=%2Fwp%2Fv2%2Fmedia&parent=326289"}],"wp:term":[{"taxonomy":"category","embeddable":true,"href":"https:\/\/archive.sana.sy\/tr\/index.php?rest_route=%2Fwp%2Fv2%2Fcategories&post=326289"},{"taxonomy":"post_tag","embeddable":true,"href":"https:\/\/archive.sana.sy\/tr\/index.php?rest_route=%2Fwp%2Fv2%2Ftags&post=326289"}],"curies":[{"name":"wp","href":"https:\/\/api.w.org\/{rel}","templated":true}]}}