{"id":326293,"date":"2025-07-23T19:14:28","date_gmt":"2025-07-23T16:14:28","guid":{"rendered":"https:\/\/sana.sy\/tr\/?p=326293"},"modified":"2025-07-23T19:14:28","modified_gmt":"2025-07-23T16:14:28","slug":"suriye-230-bin-ton-fosfat-ihrac-etti-romanya-ve-misira-yeni-sevkiyatlar-basladi","status":"publish","type":"post","link":"https:\/\/archive.sana.sy\/tr\/?p=326293","title":{"rendered":"Suriye, 230 Bin Ton Fosfat \u0130hra\u00e7 Etti Romanya Ve M\u0131s\u0131r\u2019a Yeni Sevkiyatlar Ba\u015flad\u0131"},"content":{"rendered":"<p style=\"text-align: justify;\"><strong><span style=\"color: #ff0000;\">TARTUS (SANA) \u2013<\/span><\/strong> Suriye, hammadde fosfat alan\u0131nda k\u00fcresel pazardaki varl\u0131\u011f\u0131n\u0131 g\u00fc\u00e7lendirmeye devam ediyor. Tartus Liman\u0131\u2019ndan yurtd\u0131\u015f\u0131na y\u00f6nelik yeni fosfat sevkiyatlar\u0131n\u0131n ba\u015flamas\u0131, stratejik ihracat kap\u0131s\u0131 olarak limanlar\u0131n yeniden canland\u0131\u011f\u0131n\u0131 g\u00f6steriyor.<\/p>\n<p style=\"text-align: justify;\">Limanda biri 44 bin ton, di\u011feri 33 bin ton y\u00fckl\u00fc iki geminin y\u00fckleme i\u015flemleri ba\u015flad\u0131. Gemiler s\u0131ras\u0131yla Romanya ve M\u0131s\u0131r\u2019a do\u011fru yola \u00e7\u0131kacak. Bu d\u00fczenli ihracat plan\u0131, maden kaynaklar\u0131 sekt\u00f6r\u00fcnde ya\u015fanan canlanmay\u0131 yans\u0131t\u0131yor.<\/p>\n<p style=\"text-align: justify;\">Resmi verilere g\u00f6re, devrik rejimin \u00e7\u00f6k\u00fc\u015f\u00fcnden bu yana toplam fosfat ihracat\u0131 yakla\u015f\u0131k 230 bin tona ula\u015ft\u0131. Bu rakam, hayati tesislerin yeniden faaliyete ge\u00e7ti\u011fini ve \u00fclke ekonomisi ile d\u0131\u015f ticaret dengesine katk\u0131n\u0131n artt\u0131\u011f\u0131n\u0131 ortaya koyuyor.<\/p>\n<div id='gallery-1' class='gallery galleryid-326293 gallery-columns-2 gallery-size-medium'><figure class='gallery-item'>\n\t\t\t<div class='gallery-icon landscape'>\n\t\t\t\t<a href='https:\/\/archive.sana.sy\/tr\/?attachment_id=326295'><img loading=\"lazy\" decoding=\"async\" width=\"300\" height=\"200\" src=\"https:\/\/archive.sana.sy\/tr\/wp-content\/uploads\/2025\/07\/DJI_20250723144604_0081_D-1-768x512-1-300x200.jpg\" class=\"attachment-medium size-medium\" alt=\"\" aria-describedby=\"gallery-1-326295\" srcset=\"https:\/\/archive.sana.sy\/tr\/wp-content\/uploads\/2025\/07\/DJI_20250723144604_0081_D-1-768x512-1-300x200.jpg 300w, https:\/\/archive.sana.sy\/tr\/wp-content\/uploads\/2025\/07\/DJI_20250723144604_0081_D-1-768x512-1.jpg 768w\" sizes=\"auto, (max-width: 300px) 100vw, 300px\" \/><\/a>\n\t\t\t<\/div>\n\t\t\t\t<figcaption class='wp-caption-text gallery-caption' id='gallery-1-326295'>\n\t\t\t\tdefault\n\t\t\t\t<\/figcaption><\/figure><figure class='gallery-item'>\n\t\t\t<div class='gallery-icon landscape'>\n\t\t\t\t<a href='https:\/\/archive.sana.sy\/tr\/?attachment_id=326296'><img loading=\"lazy\" decoding=\"async\" width=\"300\" height=\"200\" src=\"https:\/\/archive.sana.sy\/tr\/wp-content\/uploads\/2025\/07\/DSC04898-1-768x512-1-300x200.jpg\" class=\"attachment-medium size-medium\" alt=\"\" srcset=\"https:\/\/archive.sana.sy\/tr\/wp-content\/uploads\/2025\/07\/DSC04898-1-768x512-1-300x200.jpg 300w, https:\/\/archive.sana.sy\/tr\/wp-content\/uploads\/2025\/07\/DSC04898-1-768x512-1.jpg 768w\" sizes=\"auto, (max-width: 300px) 100vw, 300px\" \/><\/a>\n\t\t\t<\/div><\/figure>\n\t\t<\/div>\n\n","protected":false},"excerpt":{"rendered":"<p>TARTUS (SANA) \u2013 Suriye, hammadde fosfat alan\u0131nda k\u00fcresel pazardaki varl\u0131\u011f\u0131n\u0131 g\u00fc\u00e7lendirmeye devam ediyor. Tartus Liman\u0131\u2019ndan yurtd\u0131\u015f\u0131na y\u00f6nelik yeni fosfat sevkiyatlar\u0131n\u0131n ba\u015flamas\u0131, stratejik ihracat kap\u0131s\u0131 olarak limanlar\u0131n yeniden canland\u0131\u011f\u0131n\u0131 g\u00f6steriyor. Limanda biri 44 bin ton, di\u011feri 33 bin ton y\u00fckl\u00fc iki geminin y\u00fckleme i\u015flemleri ba\u015flad\u0131. Gemiler s\u0131ras\u0131yla Romanya ve M\u0131s\u0131r\u2019a do\u011fru yola \u00e7\u0131kacak. Bu d\u00fczenli ihracat &hellip;<\/p>\n","protected":false},"author":41,"featured_media":326294,"comment_status":"closed","ping_status":"closed","sticky":false,"template":"","format":"standard","meta":{"footnotes":""},"categories":[485,486,17988],"tags":[],"class_list":["post-326293","post","type-post","status-publish","format-standard","has-post-thumbnail","","category-is-ve-sermaye","category-haberler-is-ve-sermaye","category-son-haberler"],"_links":{"self":[{"href":"https:\/\/archive.sana.sy\/tr\/index.php?rest_route=\/wp\/v2\/posts\/326293","targetHints":{"allow":["GET"]}}],"collection":[{"href":"https:\/\/archive.sana.sy\/tr\/index.php?rest_route=\/wp\/v2\/posts"}],"about":[{"href":"https:\/\/archive.sana.sy\/tr\/index.php?rest_route=\/wp\/v2\/types\/post"}],"author":[{"embeddable":true,"href":"https:\/\/archive.sana.sy\/tr\/index.php?rest_route=\/wp\/v2\/users\/41"}],"replies":[{"embeddable":true,"href":"https:\/\/archive.sana.sy\/tr\/index.php?rest_route=%2Fwp%2Fv2%2Fcomments&post=326293"}],"version-history":[{"count":1,"href":"https:\/\/archive.sana.sy\/tr\/index.php?rest_route=\/wp\/v2\/posts\/326293\/revisions"}],"predecessor-version":[{"id":326297,"href":"https:\/\/archive.sana.sy\/tr\/index.php?rest_route=\/wp\/v2\/posts\/326293\/revisions\/326297"}],"wp:featuredmedia":[{"embeddable":true,"href":"https:\/\/archive.sana.sy\/tr\/index.php?rest_route=\/wp\/v2\/media\/326294"}],"wp:attachment":[{"href":"https:\/\/archive.sana.sy\/tr\/index.php?rest_route=%2Fwp%2Fv2%2Fmedia&parent=326293"}],"wp:term":[{"taxonomy":"category","embeddable":true,"href":"https:\/\/archive.sana.sy\/tr\/index.php?rest_route=%2Fwp%2Fv2%2Fcategories&post=326293"},{"taxonomy":"post_tag","embeddable":true,"href":"https:\/\/archive.sana.sy\/tr\/index.php?rest_route=%2Fwp%2Fv2%2Ftags&post=326293"}],"curies":[{"name":"wp","href":"https:\/\/api.w.org\/{rel}","templated":true}]}}