{"id":326298,"date":"2025-07-23T19:34:23","date_gmt":"2025-07-23T16:34:23","guid":{"rendered":"https:\/\/sana.sy\/tr\/?p=326298"},"modified":"2025-07-26T15:38:13","modified_gmt":"2025-07-26T12:38:13","slug":"cumhurbaskanligi-kararnamesiyle-omer-el-haseri-genel-sivil-havacilik-kurumu-baskani-olarak-atandi","status":"publish","type":"post","link":"https:\/\/archive.sana.sy\/tr\/?p=326298","title":{"rendered":"Cumhurba\u015fkanl\u0131\u011f\u0131 Kararnamesiyle \u00d6mer El Haseri Genel Sivil Havac\u0131l\u0131k Kurumu Ba\u015fkan\u0131 Olarak Atand\u0131"},"content":{"rendered":"<p style=\"text-align: justify;\"><span style=\"color: #ff0000;\"><strong>\u015eAM (SANA) \u2013<\/strong><\/span> Cumhurba\u015fkan\u0131 Ahmed El \u015eara, 2025 y\u0131l\u0131na ait 136 say\u0131l\u0131 kararnameyi imzalayarak, \u00d6mer Hi\u015fam El Haseri\u2019yi Genel Sivil Havac\u0131l\u0131k Kurumu Ba\u015fkan\u0131 olarak atad\u0131.<\/p>\n","protected":false},"excerpt":{"rendered":"<p>\u015eAM (SANA) \u2013 Cumhurba\u015fkan\u0131 Ahmed El \u015eara, 2025 y\u0131l\u0131na ait 136 say\u0131l\u0131 kararnameyi imzalayarak, \u00d6mer Hi\u015fam El Haseri\u2019yi Genel Sivil Havac\u0131l\u0131k Kurumu Ba\u015fkan\u0131 olarak atad\u0131.<\/p>\n","protected":false},"author":41,"featured_media":326304,"comment_status":"closed","ping_status":"closed","sticky":false,"template":"","format":"standard","meta":{"footnotes":""},"categories":[479,612,478],"tags":[],"class_list":["post-326298","post","type-post","status-publish","format-standard","has-post-thumbnail","","category-haberler-yerel","category-yasama-kararnameler","category-yerel"],"_links":{"self":[{"href":"https:\/\/archive.sana.sy\/tr\/index.php?rest_route=\/wp\/v2\/posts\/326298","targetHints":{"allow":["GET"]}}],"collection":[{"href":"https:\/\/archive.sana.sy\/tr\/index.php?rest_route=\/wp\/v2\/posts"}],"about":[{"href":"https:\/\/archive.sana.sy\/tr\/index.php?rest_route=\/wp\/v2\/types\/post"}],"author":[{"embeddable":true,"href":"https:\/\/archive.sana.sy\/tr\/index.php?rest_route=\/wp\/v2\/users\/41"}],"replies":[{"embeddable":true,"href":"https:\/\/archive.sana.sy\/tr\/index.php?rest_route=%2Fwp%2Fv2%2Fcomments&post=326298"}],"version-history":[{"count":1,"href":"https:\/\/archive.sana.sy\/tr\/index.php?rest_route=\/wp\/v2\/posts\/326298\/revisions"}],"predecessor-version":[{"id":326300,"href":"https:\/\/archive.sana.sy\/tr\/index.php?rest_route=\/wp\/v2\/posts\/326298\/revisions\/326300"}],"wp:featuredmedia":[{"embeddable":true,"href":"https:\/\/archive.sana.sy\/tr\/index.php?rest_route=\/wp\/v2\/media\/326304"}],"wp:attachment":[{"href":"https:\/\/archive.sana.sy\/tr\/index.php?rest_route=%2Fwp%2Fv2%2Fmedia&parent=326298"}],"wp:term":[{"taxonomy":"category","embeddable":true,"href":"https:\/\/archive.sana.sy\/tr\/index.php?rest_route=%2Fwp%2Fv2%2Fcategories&post=326298"},{"taxonomy":"post_tag","embeddable":true,"href":"https:\/\/archive.sana.sy\/tr\/index.php?rest_route=%2Fwp%2Fv2%2Ftags&post=326298"}],"curies":[{"name":"wp","href":"https:\/\/api.w.org\/{rel}","templated":true}]}}