{"id":326302,"date":"2025-07-23T19:57:49","date_gmt":"2025-07-23T16:57:49","guid":{"rendered":"https:\/\/sana.sy\/tr\/?p=326302"},"modified":"2025-07-26T15:37:47","modified_gmt":"2025-07-26T12:37:47","slug":"cumhurbaskanligi-kararnamesiyle-sadi-el-azame-mukemmeliyet-ve-yaraticilik-kurumu-baskanligina-atandi","status":"publish","type":"post","link":"https:\/\/archive.sana.sy\/tr\/?p=326302","title":{"rendered":"Cumhurba\u015fkanl\u0131\u011f\u0131 Kararnamesiyle \u015eadi El Azame, M\u00fckemmeliyet ve Yarat\u0131c\u0131l\u0131k Kurumu Ba\u015fkanl\u0131\u011f\u0131na Atand\u0131"},"content":{"rendered":"<p style=\"text-align: justify;\"><span style=\"color: #ff0000;\"><strong>\u015eAM (SANA) \u2013<\/strong><\/span> Cumhurba\u015fkan\u0131 Ahmed El \u015eara, 2025 y\u0131l\u0131na ait 137 say\u0131l\u0131 kararnameyle \u015eadi Sami El Azame\u2019i M\u00fckemmeliyet ve Yarat\u0131c\u0131l\u0131k Kurumu Ba\u015fkan\u0131 olarak g\u00f6revlendirdi.<\/p>\n","protected":false},"excerpt":{"rendered":"<p>\u015eAM (SANA) \u2013 Cumhurba\u015fkan\u0131 Ahmed El \u015eara, 2025 y\u0131l\u0131na ait 137 say\u0131l\u0131 kararnameyle \u015eadi Sami El Azame\u2019i M\u00fckemmeliyet ve Yarat\u0131c\u0131l\u0131k Kurumu Ba\u015fkan\u0131 olarak g\u00f6revlendirdi.<\/p>\n","protected":false},"author":41,"featured_media":326305,"comment_status":"closed","ping_status":"closed","sticky":false,"template":"","format":"standard","meta":{"footnotes":""},"categories":[17988,612],"tags":[],"class_list":["post-326302","post","type-post","status-publish","format-standard","has-post-thumbnail","","category-son-haberler","category-yasama-kararnameler"],"_links":{"self":[{"href":"https:\/\/archive.sana.sy\/tr\/index.php?rest_route=\/wp\/v2\/posts\/326302","targetHints":{"allow":["GET"]}}],"collection":[{"href":"https:\/\/archive.sana.sy\/tr\/index.php?rest_route=\/wp\/v2\/posts"}],"about":[{"href":"https:\/\/archive.sana.sy\/tr\/index.php?rest_route=\/wp\/v2\/types\/post"}],"author":[{"embeddable":true,"href":"https:\/\/archive.sana.sy\/tr\/index.php?rest_route=\/wp\/v2\/users\/41"}],"replies":[{"embeddable":true,"href":"https:\/\/archive.sana.sy\/tr\/index.php?rest_route=%2Fwp%2Fv2%2Fcomments&post=326302"}],"version-history":[{"count":1,"href":"https:\/\/archive.sana.sy\/tr\/index.php?rest_route=\/wp\/v2\/posts\/326302\/revisions"}],"predecessor-version":[{"id":326303,"href":"https:\/\/archive.sana.sy\/tr\/index.php?rest_route=\/wp\/v2\/posts\/326302\/revisions\/326303"}],"wp:featuredmedia":[{"embeddable":true,"href":"https:\/\/archive.sana.sy\/tr\/index.php?rest_route=\/wp\/v2\/media\/326305"}],"wp:attachment":[{"href":"https:\/\/archive.sana.sy\/tr\/index.php?rest_route=%2Fwp%2Fv2%2Fmedia&parent=326302"}],"wp:term":[{"taxonomy":"category","embeddable":true,"href":"https:\/\/archive.sana.sy\/tr\/index.php?rest_route=%2Fwp%2Fv2%2Fcategories&post=326302"},{"taxonomy":"post_tag","embeddable":true,"href":"https:\/\/archive.sana.sy\/tr\/index.php?rest_route=%2Fwp%2Fv2%2Ftags&post=326302"}],"curies":[{"name":"wp","href":"https:\/\/api.w.org\/{rel}","templated":true}]}}