{"id":326306,"date":"2025-07-23T21:41:42","date_gmt":"2025-07-23T18:41:42","guid":{"rendered":"https:\/\/sana.sy\/tr\/?p=326306"},"modified":"2025-07-23T21:45:23","modified_gmt":"2025-07-23T18:45:23","slug":"suriye-acil-durumlar-bakani-turkiye-icisleri-bakani-ile-ortak-is-birliginin-guclendirilmesini-gorustu","status":"publish","type":"post","link":"https:\/\/archive.sana.sy\/tr\/?p=326306","title":{"rendered":"Suriye Acil Durumlar Bakan\u0131, T\u00fcrkiye \u0130\u00e7i\u015fleri Bakan\u0131 \u0130le Ortak \u0130\u015f Birli\u011finin G\u00fc\u00e7lendirilmesini G\u00f6r\u00fc\u015ft\u00fc"},"content":{"rendered":"<p style=\"text-align: justify;\"><span style=\"color: #ff0000;\"><strong>ANKARA (SANA) &#8211;<\/strong><\/span> Suriye Acil Durumlar ve Afet Y\u00f6netimi Bakan\u0131 Raed El Salih ve beraberindeki heyet, T\u00fcrkiye \u0130\u00e7i\u015fleri Bakan\u0131 Ali Yerlikaya ile bir araya gelerek, bakanl\u0131k ile T\u00fcrkiye Afet ve Acil Durum Y\u00f6netimi Ba\u015fkanl\u0131\u011f\u0131 (AFAD) aras\u0131nda etkili ve geli\u015fmi\u015f bir b\u00f6lgesel m\u00fcdahale sistemi kurulmas\u0131na y\u00f6nelik ortak i\u015f birli\u011finin g\u00fc\u00e7lendirilmesi konusunu ele ald\u0131.<\/p>\n<p style=\"text-align: justify;\">Suriye haber ajans\u0131 SANA\u2019ya a\u00e7\u0131klama yapan Acil Durumlar ve Afet Y\u00f6netimi Bakan Yard\u0131mc\u0131s\u0131 H\u00fcsam Hallak, taraflar\u0131n g\u00f6r\u00fc\u015fmelerinde afet y\u00f6netimi alan\u0131nda teknik ve mesleki deneyimlerin payla\u015f\u0131lmas\u0131n\u0131n, ayr\u0131ca her iki \u00fclkedeki personelin kapasitesini art\u0131rmak amac\u0131yla ortak e\u011fitim programlar\u0131n\u0131n geli\u015ftirilmesinin \u00f6nemine odaklan\u0131ld\u0131\u011f\u0131n\u0131 belirtti. \u00d6zellikle arama kurtarma, orman yang\u0131nlar\u0131n\u0131n s\u00f6nd\u00fcr\u00fclmesi ve depremlere m\u00fcdahale gibi alanlar \u00f6ncelikli konular aras\u0131nda yer ald\u0131.<\/p>\n<p style=\"text-align: justify;\">Hallak, bug\u00fcn Ankara\u2019da T\u00fcrkiye \u0130\u00e7i\u015fleri Bakanl\u0131\u011f\u0131 binas\u0131nda ger\u00e7ekle\u015ftirilen toplant\u0131da, taraflar\u0131n Suriye\u2019deki Ulusal Erken Uyar\u0131 Deprem Merkezi\u2019nin teknik i\u015f birli\u011fiyle geli\u015ftirilmesi ve b\u00f6lgesel sistemlere entegre edilmesi, ayr\u0131ca s\u0131n\u0131r \u00f6tesi afetlerle etkili ve h\u0131zl\u0131 \u015fekilde ba\u015fa \u00e7\u0131kabilecek ortak operasyon merkezlerinin kurulmas\u0131n\u0131n \u00f6nemini vurgulad\u0131klar\u0131n\u0131 ifade etti.<\/p>\n<p style=\"text-align: justify;\">T\u00fcrk taraf\u0131na duydu\u011fu derin te\u015fekk\u00fcrlerini ileten Hallak, bu g\u00f6r\u00fc\u015fmelerin somut ad\u0131mlara d\u00f6n\u00fc\u015ft\u00fcr\u00fclerek can kay\u0131plar\u0131n\u0131n \u00f6nlenmesine ve her iki \u00fclkede haz\u0131rl\u0131k kapasitesinin art\u0131r\u0131lmas\u0131na katk\u0131 sa\u011flamas\u0131n\u0131 umduklar\u0131n\u0131 dile getirdi.<br \/>\nAcil Durumlar Bakan\u0131 ve bakanl\u0131k heyeti, Suriye ile T\u00fcrkiye aras\u0131ndaki afet ve acil durum i\u015f birli\u011fini geli\u015ftirmek amac\u0131yla T\u00fcrkiye\u2019ye birka\u00e7 g\u00fcn s\u00fcrecek bir ziyaret ger\u00e7ekle\u015ftiriyor.<\/p>\n","protected":false},"excerpt":{"rendered":"<p>ANKARA (SANA) &#8211; Suriye Acil Durumlar ve Afet Y\u00f6netimi Bakan\u0131 Raed El Salih ve beraberindeki heyet, T\u00fcrkiye \u0130\u00e7i\u015fleri Bakan\u0131 Ali Yerlikaya ile bir araya gelerek, bakanl\u0131k ile T\u00fcrkiye Afet ve Acil Durum Y\u00f6netimi Ba\u015fkanl\u0131\u011f\u0131 (AFAD) aras\u0131nda etkili ve geli\u015fmi\u015f bir b\u00f6lgesel m\u00fcdahale sistemi kurulmas\u0131na y\u00f6nelik ortak i\u015f birli\u011finin g\u00fc\u00e7lendirilmesi konusunu ele ald\u0131. Suriye haber ajans\u0131 &hellip;<\/p>\n","protected":false},"author":41,"featured_media":326307,"comment_status":"closed","ping_status":"closed","sticky":false,"template":"","format":"standard","meta":{"footnotes":""},"categories":[589,17988,2555],"tags":[],"class_list":["post-326306","post","type-post","status-publish","format-standard","has-post-thumbnail","","category-haber-seridi","category-son-haberler","category-suriye-ve-turkiye"],"_links":{"self":[{"href":"https:\/\/archive.sana.sy\/tr\/index.php?rest_route=\/wp\/v2\/posts\/326306","targetHints":{"allow":["GET"]}}],"collection":[{"href":"https:\/\/archive.sana.sy\/tr\/index.php?rest_route=\/wp\/v2\/posts"}],"about":[{"href":"https:\/\/archive.sana.sy\/tr\/index.php?rest_route=\/wp\/v2\/types\/post"}],"author":[{"embeddable":true,"href":"https:\/\/archive.sana.sy\/tr\/index.php?rest_route=\/wp\/v2\/users\/41"}],"replies":[{"embeddable":true,"href":"https:\/\/archive.sana.sy\/tr\/index.php?rest_route=%2Fwp%2Fv2%2Fcomments&post=326306"}],"version-history":[{"count":1,"href":"https:\/\/archive.sana.sy\/tr\/index.php?rest_route=\/wp\/v2\/posts\/326306\/revisions"}],"predecessor-version":[{"id":326308,"href":"https:\/\/archive.sana.sy\/tr\/index.php?rest_route=\/wp\/v2\/posts\/326306\/revisions\/326308"}],"wp:featuredmedia":[{"embeddable":true,"href":"https:\/\/archive.sana.sy\/tr\/index.php?rest_route=\/wp\/v2\/media\/326307"}],"wp:attachment":[{"href":"https:\/\/archive.sana.sy\/tr\/index.php?rest_route=%2Fwp%2Fv2%2Fmedia&parent=326306"}],"wp:term":[{"taxonomy":"category","embeddable":true,"href":"https:\/\/archive.sana.sy\/tr\/index.php?rest_route=%2Fwp%2Fv2%2Fcategories&post=326306"},{"taxonomy":"post_tag","embeddable":true,"href":"https:\/\/archive.sana.sy\/tr\/index.php?rest_route=%2Fwp%2Fv2%2Ftags&post=326306"}],"curies":[{"name":"wp","href":"https:\/\/api.w.org\/{rel}","templated":true}]}}