{"id":326309,"date":"2025-07-23T21:47:54","date_gmt":"2025-07-23T18:47:54","guid":{"rendered":"https:\/\/sana.sy\/tr\/?p=326309"},"modified":"2025-07-23T21:47:54","modified_gmt":"2025-07-23T18:47:54","slug":"suudi-sura-konseyi-uyesi-suriyeye-destek-kalkinma-onceligidir-suudi-yatirimlari-kalici-ortaklik-icin-zemin-hazirliyor","status":"publish","type":"post","link":"https:\/\/archive.sana.sy\/tr\/?p=326309","title":{"rendered":"Suudi \u015eura Konseyi \u00dcyesi: Suriye\u2019ye Destek Kalk\u0131nma \u00d6nceli\u011fidir, Suudi Yat\u0131r\u0131mlar\u0131 Kal\u0131c\u0131 Ortakl\u0131k \u0130\u00e7in Zemin Haz\u0131rl\u0131yor"},"content":{"rendered":"<p style=\"text-align: justify;\"><span style=\"color: #ff0000;\"><strong>R\u0130YAD (SANA) &#8211;<\/strong><\/span> Suudi Arabistan \u015eura Konseyi \u00dcyesi Fad\u0131l El Buaynen, Suriye&#8217;deki kalk\u0131nman\u0131n desteklenmesinin Suudi Arabistan i\u00e7in bir \u00f6ncelik oldu\u011funu belirterek, \u00f6zellikle ekonomi, sanayi ve enerji sekt\u00f6rlerindeki yakla\u015fan Suudi yat\u0131r\u0131mlar\u0131n, Suriye\u2019nin istikrar\u0131na ve g\u00fcvenli\u011fine katk\u0131 sa\u011flayacak kal\u0131c\u0131 bir stratejik ortakl\u0131\u011f\u0131n ger\u00e7ek temellerini olu\u015fturdu\u011funu vurgulad\u0131.<\/p>\n<p style=\"text-align: justify;\">El Buaynen, Al Arabiya kanal\u0131na verdi\u011fi a\u00e7\u0131klamada, \u201cBug\u00fcn \u015eam\u2019da 130\u2019dan fazla Suudi yat\u0131r\u0131mc\u0131n\u0131n bulunmas\u0131, Krall\u0131k liderli\u011finin Suriye\u2019yi destekleme y\u00f6n\u00fcndeki net talimatlar\u0131n\u0131 yans\u0131tmaktad\u0131r. Ayn\u0131 zamanda \u00f6zel sekt\u00f6r\u00fcn aktif ekonomik hamleleriyle desteklenen h\u00fck\u00fcmet \u00e7abalar\u0131n\u0131n bir g\u00f6stergesidir\u201d dedi.<\/p>\n<p style=\"text-align: justify;\">Suriye&#8217;deki yat\u0131r\u0131m f\u0131rsatlar\u0131n\u0131n yaln\u0131zca mali getiri sa\u011flamakla s\u0131n\u0131rl\u0131 olmad\u0131\u011f\u0131n\u0131, as\u0131l amac\u0131n Suriye ekonomisinin toparlanmas\u0131na katk\u0131da bulunmak oldu\u011funu belirten El Buaynen, bunun b\u00f6lgesel g\u00fcvenlik ve istikrar\u0131 da peki\u015ftirece\u011fini ifade etti.<\/p>\n<p style=\"text-align: justify;\">Suudi yetkili, Suriye\u2019nin yeniden yap\u0131lanma s\u00fcrecine girdi\u011fine dikkat \u00e7ekerek, bu s\u00fcrecin in\u015faat sekt\u00f6r\u00fcnde \u00f6nemli yat\u0131r\u0131mlar i\u00e7in b\u00fcy\u00fck f\u0131rsatlar sundu\u011funu, ayr\u0131ca turizm sekt\u00f6r\u00fcn\u00fcn de altyap\u0131n\u0131n geli\u015ftirilmesi ve zarar g\u00f6ren b\u00f6lgelerin canland\u0131r\u0131lmas\u0131 yoluyla ekonomik b\u00fcy\u00fcmeye katk\u0131 sa\u011flayaca\u011f\u0131n\u0131 belirtti.<\/p>\n<p style=\"text-align: justify;\">El Buaynen ayr\u0131ca, Suriye\u2019deki yat\u0131r\u0131m mevzuat\u0131n\u0131n uluslararas\u0131 standartlara uyumlu hale getirilmesinin \u00f6nemine i\u015faret ederek, bu ad\u0131m\u0131n yat\u0131r\u0131m ortam\u0131n\u0131 g\u00fc\u00e7lendirece\u011fini ve daha fazla yabanc\u0131 sermayeyi \u00e7ekece\u011fini vurgulad\u0131.<\/p>\n<p style=\"text-align: justify;\">El Buaynen a\u00e7\u0131klamas\u0131nda da, Suudi yat\u0131r\u0131mc\u0131lar\u0131n, \u00f6zellikle Suudi Arabistan\u2019\u0131n 2030 Vizyonu\u2019nun ba\u015flat\u0131lmas\u0131ndan bu yana, yasal ve d\u00fczenleyici altyap\u0131lar konusunda geni\u015f deneyime sahip olduklar\u0131n\u0131 s\u00f6zlerine ekledi.<\/p>\n","protected":false},"excerpt":{"rendered":"<p>R\u0130YAD (SANA) &#8211; Suudi Arabistan \u015eura Konseyi \u00dcyesi Fad\u0131l El Buaynen, Suriye&#8217;deki kalk\u0131nman\u0131n desteklenmesinin Suudi Arabistan i\u00e7in bir \u00f6ncelik oldu\u011funu belirterek, \u00f6zellikle ekonomi, sanayi ve enerji sekt\u00f6rlerindeki yakla\u015fan Suudi yat\u0131r\u0131mlar\u0131n, Suriye\u2019nin istikrar\u0131na ve g\u00fcvenli\u011fine katk\u0131 sa\u011flayacak kal\u0131c\u0131 bir stratejik ortakl\u0131\u011f\u0131n ger\u00e7ek temellerini olu\u015fturdu\u011funu vurgulad\u0131. El Buaynen, Al Arabiya kanal\u0131na verdi\u011fi a\u00e7\u0131klamada, \u201cBug\u00fcn \u015eam\u2019da 130\u2019dan fazla &hellip;<\/p>\n","protected":false},"author":41,"featured_media":326310,"comment_status":"closed","ping_status":"closed","sticky":false,"template":"","format":"standard","meta":{"footnotes":""},"categories":[458,589,459,17988],"tags":[],"class_list":["post-326309","post","type-post","status-publish","format-standard","has-post-thumbnail","","category-dunya1","category-haber-seridi","category-haberler-arap-uluslararasi-politika","category-son-haberler"],"_links":{"self":[{"href":"https:\/\/archive.sana.sy\/tr\/index.php?rest_route=\/wp\/v2\/posts\/326309","targetHints":{"allow":["GET"]}}],"collection":[{"href":"https:\/\/archive.sana.sy\/tr\/index.php?rest_route=\/wp\/v2\/posts"}],"about":[{"href":"https:\/\/archive.sana.sy\/tr\/index.php?rest_route=\/wp\/v2\/types\/post"}],"author":[{"embeddable":true,"href":"https:\/\/archive.sana.sy\/tr\/index.php?rest_route=\/wp\/v2\/users\/41"}],"replies":[{"embeddable":true,"href":"https:\/\/archive.sana.sy\/tr\/index.php?rest_route=%2Fwp%2Fv2%2Fcomments&post=326309"}],"version-history":[{"count":1,"href":"https:\/\/archive.sana.sy\/tr\/index.php?rest_route=\/wp\/v2\/posts\/326309\/revisions"}],"predecessor-version":[{"id":326312,"href":"https:\/\/archive.sana.sy\/tr\/index.php?rest_route=\/wp\/v2\/posts\/326309\/revisions\/326312"}],"wp:featuredmedia":[{"embeddable":true,"href":"https:\/\/archive.sana.sy\/tr\/index.php?rest_route=\/wp\/v2\/media\/326310"}],"wp:attachment":[{"href":"https:\/\/archive.sana.sy\/tr\/index.php?rest_route=%2Fwp%2Fv2%2Fmedia&parent=326309"}],"wp:term":[{"taxonomy":"category","embeddable":true,"href":"https:\/\/archive.sana.sy\/tr\/index.php?rest_route=%2Fwp%2Fv2%2Fcategories&post=326309"},{"taxonomy":"post_tag","embeddable":true,"href":"https:\/\/archive.sana.sy\/tr\/index.php?rest_route=%2Fwp%2Fv2%2Ftags&post=326309"}],"curies":[{"name":"wp","href":"https:\/\/api.w.org\/{rel}","templated":true}]}}