{"id":326313,"date":"2025-07-24T11:50:01","date_gmt":"2025-07-24T08:50:01","guid":{"rendered":"https:\/\/sana.sy\/tr\/?p=326313"},"modified":"2025-07-24T13:52:49","modified_gmt":"2025-07-24T10:52:49","slug":"suriye-hava-kuvvetleri-komutani-turk-askeri-yetkililerle-istanbulda-gorustu","status":"publish","type":"post","link":"https:\/\/archive.sana.sy\/tr\/?p=326313","title":{"rendered":"Suriye Hava Kuvvetleri Komutan\u0131, T\u00fcrk Askeri Yetkililerle \u0130stanbul\u2019da G\u00f6r\u00fc\u015ft\u00fc"},"content":{"rendered":"<p style=\"text-align: justify;\"><strong>\u0130STANBUL (SANA) \u2013<\/strong> Suriye Hava Kuvvetleri Komutan\u0131 Tu\u011fgeneral Asem Havari, \u0130stanbul\u2019da d\u00fczenlenen IDEF 2025 Uluslararas\u0131 Savunma Sanayii Fuar\u0131 kapsam\u0131nda T\u00fcrk Hava Harp Okulu Komutan\u0131 T\u00fcmgeneral Erkin Din\u00e7 ile bir araya geldi.<\/p>\n<p style=\"text-align: justify;\">Tu\u011fgeneral Havari ayr\u0131ca, fuar \u00e7er\u00e7evesinde T\u00fcrk Hava Kuvvetleri Komutan\u0131 Korgeneral Ziya Cemal Kad\u0131o\u011flu ile de g\u00f6r\u00fc\u015ft\u00fc.<\/p>\n<div id='gallery-1' class='gallery galleryid-326313 gallery-columns-1 gallery-size-full'><figure class='gallery-item'>\n\t\t\t<div class='gallery-icon landscape'>\n\t\t\t\t<a href='https:\/\/archive.sana.sy\/tr\/wp-content\/uploads\/2025\/07\/111111111111111.jpg'><img loading=\"lazy\" decoding=\"async\" width=\"1280\" height=\"854\" src=\"https:\/\/archive.sana.sy\/tr\/wp-content\/uploads\/2025\/07\/111111111111111.jpg\" class=\"attachment-full size-full\" alt=\"\" srcset=\"https:\/\/archive.sana.sy\/tr\/wp-content\/uploads\/2025\/07\/111111111111111.jpg 1280w, https:\/\/archive.sana.sy\/tr\/wp-content\/uploads\/2025\/07\/111111111111111-300x200.jpg 300w, https:\/\/archive.sana.sy\/tr\/wp-content\/uploads\/2025\/07\/111111111111111-1024x683.jpg 1024w, https:\/\/archive.sana.sy\/tr\/wp-content\/uploads\/2025\/07\/111111111111111-768x512.jpg 768w\" sizes=\"auto, (max-width: 1280px) 100vw, 1280px\" \/><\/a>\n\t\t\t<\/div><\/figure>\n\t\t<\/div>\n\n","protected":false},"excerpt":{"rendered":"<p>\u0130STANBUL (SANA) \u2013 Suriye Hava Kuvvetleri Komutan\u0131 Tu\u011fgeneral Asem Havari, \u0130stanbul\u2019da d\u00fczenlenen IDEF 2025 Uluslararas\u0131 Savunma Sanayii Fuar\u0131 kapsam\u0131nda T\u00fcrk Hava Harp Okulu Komutan\u0131 T\u00fcmgeneral Erkin Din\u00e7 ile bir araya geldi. Tu\u011fgeneral Havari ayr\u0131ca, fuar \u00e7er\u00e7evesinde T\u00fcrk Hava Kuvvetleri Komutan\u0131 Korgeneral Ziya Cemal Kad\u0131o\u011flu ile de g\u00f6r\u00fc\u015ft\u00fc.<\/p>\n","protected":false},"author":39,"featured_media":326314,"comment_status":"closed","ping_status":"closed","sticky":false,"template":"","format":"standard","meta":{"footnotes":""},"categories":[458,589,459,17988,2554,2555],"tags":[],"class_list":["post-326313","post","type-post","status-publish","format-standard","has-post-thumbnail","","category-dunya1","category-haber-seridi","category-haberler-arap-uluslararasi-politika","category-son-haberler","category-suriye-ve-dunya","category-suriye-ve-turkiye"],"_links":{"self":[{"href":"https:\/\/archive.sana.sy\/tr\/index.php?rest_route=\/wp\/v2\/posts\/326313","targetHints":{"allow":["GET"]}}],"collection":[{"href":"https:\/\/archive.sana.sy\/tr\/index.php?rest_route=\/wp\/v2\/posts"}],"about":[{"href":"https:\/\/archive.sana.sy\/tr\/index.php?rest_route=\/wp\/v2\/types\/post"}],"author":[{"embeddable":true,"href":"https:\/\/archive.sana.sy\/tr\/index.php?rest_route=\/wp\/v2\/users\/39"}],"replies":[{"embeddable":true,"href":"https:\/\/archive.sana.sy\/tr\/index.php?rest_route=%2Fwp%2Fv2%2Fcomments&post=326313"}],"version-history":[{"count":1,"href":"https:\/\/archive.sana.sy\/tr\/index.php?rest_route=\/wp\/v2\/posts\/326313\/revisions"}],"predecessor-version":[{"id":326316,"href":"https:\/\/archive.sana.sy\/tr\/index.php?rest_route=\/wp\/v2\/posts\/326313\/revisions\/326316"}],"wp:featuredmedia":[{"embeddable":true,"href":"https:\/\/archive.sana.sy\/tr\/index.php?rest_route=\/wp\/v2\/media\/326314"}],"wp:attachment":[{"href":"https:\/\/archive.sana.sy\/tr\/index.php?rest_route=%2Fwp%2Fv2%2Fmedia&parent=326313"}],"wp:term":[{"taxonomy":"category","embeddable":true,"href":"https:\/\/archive.sana.sy\/tr\/index.php?rest_route=%2Fwp%2Fv2%2Fcategories&post=326313"},{"taxonomy":"post_tag","embeddable":true,"href":"https:\/\/archive.sana.sy\/tr\/index.php?rest_route=%2Fwp%2Fv2%2Ftags&post=326313"}],"curies":[{"name":"wp","href":"https:\/\/api.w.org\/{rel}","templated":true}]}}