{"id":326317,"date":"2025-07-24T09:53:36","date_gmt":"2025-07-24T06:53:36","guid":{"rendered":"https:\/\/sana.sy\/tr\/?p=326317"},"modified":"2025-07-26T15:37:17","modified_gmt":"2025-07-26T12:37:17","slug":"suriyede-ilk-beyaz-cimento-fabrikasi-adra-sanayi-sehrinde-acildi-video","status":"publish","type":"post","link":"https:\/\/archive.sana.sy\/tr\/?p=326317","title":{"rendered":"Suriye\u2019de \u0130lk Beyaz \u00c7imento Fabrikas\u0131 Adra Sanayi B\u00f6lgesi&#8217;nde A\u00e7\u0131ld\u0131 &#8220;V\u0130DEO&#8221;"},"content":{"rendered":"<p style=\"text-align: justify;\"><strong><span style=\"color: #ff0000;\">\u015eAM KIRSALI (SANA)<\/span> \u2013<\/strong>Ekonomi ve Sanayi Bakan\u0131 Muhammed Nidal \u015eaar ve Suudi Yat\u0131r\u0131m Bakan\u0131 Halid bin Abd\u00fclaziz El Falih, \u015eam k\u0131rsal\u0131ndaki Adra Sanayi B\u00f6lgesi&#8217;nde Suriye&#8217;nin ilk beyaz \u00e7imento \u00fcretim tesisi olan &#8220;Fayhaa&#8221; \u00c7imento Fabrikas\u0131 projesinin a\u00e7\u0131l\u0131\u015f\u0131n\u0131 ger\u00e7ekle\u015ftirdi.<strong><br \/>\n<\/strong><\/p>\n<p style=\"text-align: justify;\">Proje, Suudi Arabistan Krall\u0131\u011f\u0131&#8217;n\u0131n Suriye sanayi sekt\u00f6r\u00fcne, \u00f6zellikle \u00e7imento sekt\u00f6r\u00fcne verdi\u011fi deste\u011fin bir par\u00e7as\u0131 olarak ger\u00e7ekle\u015fiyor ve bu kapsamda yerel \u00fcretimi art\u0131rmak ile yabanc\u0131 ithalat\u0131 azaltarak, \u00fclkenin yakla\u015fan yeniden yap\u0131lanma s\u00fcrecine katk\u0131 sa\u011flamas\u0131 hedefleniyor.<\/p>\n<p style=\"text-align: justify;\"><img loading=\"lazy\" decoding=\"async\" class=\"size-medium wp-image-326319 alignright\" src=\"http:\/\/sana.sy\/tr\/wp-content\/uploads\/2025\/07\/77777777-300x168.png\" alt=\"\" width=\"300\" height=\"168\" srcset=\"https:\/\/archive.sana.sy\/tr\/wp-content\/uploads\/2025\/07\/77777777-300x168.png 300w, https:\/\/archive.sana.sy\/tr\/wp-content\/uploads\/2025\/07\/77777777.png 660w\" sizes=\"auto, (max-width: 300px) 100vw, 300px\" \/>Suudi Yat\u0131r\u0131m Bakan\u0131 El Falih, bas\u0131n mensuplar\u0131na yapt\u0131\u011f\u0131 a\u00e7\u0131klamada, projenin gelecekte beyaz \u00e7imento fabrikalar\u0131, haz\u0131r beton tesisleri ve di\u011fer yap\u0131 malzemeleri \u00fcretim birimlerini i\u00e7erecek entegre bir sanayi kompleksi haline gelece\u011fini belirterek, Suriye\u2019deki yat\u0131r\u0131m ortam\u0131n\u0131n umut verici oldu\u011funu ve \u00f6zel sekt\u00f6r\u00fcn yeniden imar s\u00fcrecinde kilit rol oynayaca\u011f\u0131n\u0131 vurgulad\u0131.<\/p>\n<p style=\"text-align: justify;\">Kuzey B\u00f6lgesi \u00c7imento \u015eirketleri Grubu CEO\u2019su Dr. Ubeyd Sebii ise SANA muhabirine yapt\u0131\u011f\u0131 a\u00e7\u0131klamada, bu projenin zorlu ko\u015fullara ra\u011fmen somut bir ba\u015far\u0131y\u0131 temsil etti\u011fini ve Suriyeli i\u015f g\u00fcc\u00fc ile yerel y\u00fcklenicilerin katk\u0131s\u0131yla h\u0131zl\u0131 bir \u015fekilde hayata ge\u00e7irildi\u011fini ifade etti.<\/p>\n<p style=\"text-align: justify;\">Sebii ayr\u0131ca, 20 milyon dolar de\u011ferindeki yat\u0131r\u0131m\u0131n do\u011frudan 130 ki\u015fiye, dolayl\u0131 olarak ise lojistik ve destek sekt\u00f6rlerinde 1000\u2019den fazla ki\u015fiye istihdam sa\u011flayaca\u011f\u0131n\u0131 belirtti.<\/p>\n<p style=\"text-align: center;\"><iframe loading=\"lazy\" title=\"\u0625\u0637\u0644\u0627\u0642 \u0623\u0648\u0644 \u0645\u0635\u0646\u0639 \u0644\u0644\u0625\u0633\u0645\u0646\u062a \u0627\u0644\u0623\u0628\u064a\u0636 \u0641\u064a \u0633\u0648\u0631\u064a\u0627 \u0628\u0640&quot;\u0639\u062f\u0631\u0627 \u0627\u0644\u0635\u0646\u0627\u0639\u064a\u0629&quot;\" src=\"https:\/\/www.youtube.com\/embed\/6S4goeHk6pY\" width=\"620\" height=\"347\" frameborder=\"0\" allowfullscreen=\"allowfullscreen\"><\/iframe><\/p>\n<div id='gallery-1' class='gallery galleryid-326317 gallery-columns-2 gallery-size-full'><figure class='gallery-item'>\n\t\t\t<div class='gallery-icon landscape'>\n\t\t\t\t<a href='https:\/\/archive.sana.sy\/tr\/wp-content\/uploads\/2025\/07\/77-4.png'><img loading=\"lazy\" decoding=\"async\" width=\"660\" height=\"370\" src=\"https:\/\/archive.sana.sy\/tr\/wp-content\/uploads\/2025\/07\/77-4.png\" class=\"attachment-full size-full\" alt=\"\" srcset=\"https:\/\/archive.sana.sy\/tr\/wp-content\/uploads\/2025\/07\/77-4.png 660w, https:\/\/archive.sana.sy\/tr\/wp-content\/uploads\/2025\/07\/77-4-300x168.png 300w\" sizes=\"auto, (max-width: 660px) 100vw, 660px\" \/><\/a>\n\t\t\t<\/div><\/figure><figure class='gallery-item'>\n\t\t\t<div class='gallery-icon landscape'>\n\t\t\t\t<a href='https:\/\/archive.sana.sy\/tr\/wp-content\/uploads\/2025\/07\/DSC01168-scaled-1.jpg'><img loading=\"lazy\" decoding=\"async\" width=\"2560\" height=\"1529\" src=\"https:\/\/archive.sana.sy\/tr\/wp-content\/uploads\/2025\/07\/DSC01168-scaled-1.jpg\" class=\"attachment-full size-full\" alt=\"\" srcset=\"https:\/\/archive.sana.sy\/tr\/wp-content\/uploads\/2025\/07\/DSC01168-scaled-1.jpg 2560w, https:\/\/archive.sana.sy\/tr\/wp-content\/uploads\/2025\/07\/DSC01168-scaled-1-300x179.jpg 300w, https:\/\/archive.sana.sy\/tr\/wp-content\/uploads\/2025\/07\/DSC01168-scaled-1-1024x612.jpg 1024w, https:\/\/archive.sana.sy\/tr\/wp-content\/uploads\/2025\/07\/DSC01168-scaled-1-768x459.jpg 768w, https:\/\/archive.sana.sy\/tr\/wp-content\/uploads\/2025\/07\/DSC01168-scaled-1-1536x917.jpg 1536w, https:\/\/archive.sana.sy\/tr\/wp-content\/uploads\/2025\/07\/DSC01168-scaled-1-2048x1223.jpg 2048w\" sizes=\"auto, (max-width: 2560px) 100vw, 2560px\" \/><\/a>\n\t\t\t<\/div><\/figure><figure class='gallery-item'>\n\t\t\t<div class='gallery-icon landscape'>\n\t\t\t\t<a href='https:\/\/archive.sana.sy\/tr\/wp-content\/uploads\/2025\/07\/DSC01226-scaled-1.jpg'><img loading=\"lazy\" decoding=\"async\" width=\"2560\" height=\"1653\" src=\"https:\/\/archive.sana.sy\/tr\/wp-content\/uploads\/2025\/07\/DSC01226-scaled-1.jpg\" class=\"attachment-full size-full\" alt=\"\" srcset=\"https:\/\/archive.sana.sy\/tr\/wp-content\/uploads\/2025\/07\/DSC01226-scaled-1.jpg 2560w, https:\/\/archive.sana.sy\/tr\/wp-content\/uploads\/2025\/07\/DSC01226-scaled-1-300x194.jpg 300w, https:\/\/archive.sana.sy\/tr\/wp-content\/uploads\/2025\/07\/DSC01226-scaled-1-1024x661.jpg 1024w, https:\/\/archive.sana.sy\/tr\/wp-content\/uploads\/2025\/07\/DSC01226-scaled-1-768x496.jpg 768w, https:\/\/archive.sana.sy\/tr\/wp-content\/uploads\/2025\/07\/DSC01226-scaled-1-1536x992.jpg 1536w, https:\/\/archive.sana.sy\/tr\/wp-content\/uploads\/2025\/07\/DSC01226-scaled-1-2048x1322.jpg 2048w\" sizes=\"auto, (max-width: 2560px) 100vw, 2560px\" \/><\/a>\n\t\t\t<\/div><\/figure><figure class='gallery-item'>\n\t\t\t<div class='gallery-icon landscape'>\n\t\t\t\t<a href='https:\/\/archive.sana.sy\/tr\/wp-content\/uploads\/2025\/07\/DSC01298-scaled-1.jpg'><img loading=\"lazy\" decoding=\"async\" width=\"2560\" height=\"1684\" src=\"https:\/\/archive.sana.sy\/tr\/wp-content\/uploads\/2025\/07\/DSC01298-scaled-1.jpg\" class=\"attachment-full size-full\" alt=\"\" srcset=\"https:\/\/archive.sana.sy\/tr\/wp-content\/uploads\/2025\/07\/DSC01298-scaled-1.jpg 2560w, https:\/\/archive.sana.sy\/tr\/wp-content\/uploads\/2025\/07\/DSC01298-scaled-1-300x197.jpg 300w, https:\/\/archive.sana.sy\/tr\/wp-content\/uploads\/2025\/07\/DSC01298-scaled-1-1024x674.jpg 1024w, https:\/\/archive.sana.sy\/tr\/wp-content\/uploads\/2025\/07\/DSC01298-scaled-1-768x505.jpg 768w, https:\/\/archive.sana.sy\/tr\/wp-content\/uploads\/2025\/07\/DSC01298-scaled-1-1536x1010.jpg 1536w, https:\/\/archive.sana.sy\/tr\/wp-content\/uploads\/2025\/07\/DSC01298-scaled-1-2048x1347.jpg 2048w, https:\/\/archive.sana.sy\/tr\/wp-content\/uploads\/2025\/07\/DSC01298-scaled-1-310x205.jpg 310w\" sizes=\"auto, (max-width: 2560px) 100vw, 2560px\" \/><\/a>\n\t\t\t<\/div><\/figure>\n\t\t<\/div>\n\n<p style=\"text-align: justify;\">\n","protected":false},"excerpt":{"rendered":"<p>\u015eAM KIRSALI (SANA) \u2013Ekonomi ve Sanayi Bakan\u0131 Muhammed Nidal \u015eaar ve Suudi Yat\u0131r\u0131m Bakan\u0131 Halid bin Abd\u00fclaziz El Falih, \u015eam k\u0131rsal\u0131ndaki Adra Sanayi B\u00f6lgesi&#8217;nde Suriye&#8217;nin ilk beyaz \u00e7imento \u00fcretim tesisi olan &#8220;Fayhaa&#8221; \u00c7imento Fabrikas\u0131 projesinin a\u00e7\u0131l\u0131\u015f\u0131n\u0131 ger\u00e7ekle\u015ftirdi. Proje, Suudi Arabistan Krall\u0131\u011f\u0131&#8217;n\u0131n Suriye sanayi sekt\u00f6r\u00fcne, \u00f6zellikle \u00e7imento sekt\u00f6r\u00fcne verdi\u011fi deste\u011fin bir par\u00e7as\u0131 olarak ger\u00e7ekle\u015fiyor ve bu &hellip;<\/p>\n","protected":false},"author":39,"featured_media":326318,"comment_status":"closed","ping_status":"closed","sticky":false,"template":"","format":"standard","meta":{"footnotes":""},"categories":[485,589,479,459,17988,478],"tags":[],"class_list":["post-326317","post","type-post","status-publish","format-standard","has-post-thumbnail","","category-is-ve-sermaye","category-haber-seridi","category-haberler-yerel","category-haberler-arap-uluslararasi-politika","category-son-haberler","category-yerel"],"_links":{"self":[{"href":"https:\/\/archive.sana.sy\/tr\/index.php?rest_route=\/wp\/v2\/posts\/326317","targetHints":{"allow":["GET"]}}],"collection":[{"href":"https:\/\/archive.sana.sy\/tr\/index.php?rest_route=\/wp\/v2\/posts"}],"about":[{"href":"https:\/\/archive.sana.sy\/tr\/index.php?rest_route=\/wp\/v2\/types\/post"}],"author":[{"embeddable":true,"href":"https:\/\/archive.sana.sy\/tr\/index.php?rest_route=\/wp\/v2\/users\/39"}],"replies":[{"embeddable":true,"href":"https:\/\/archive.sana.sy\/tr\/index.php?rest_route=%2Fwp%2Fv2%2Fcomments&post=326317"}],"version-history":[{"count":7,"href":"https:\/\/archive.sana.sy\/tr\/index.php?rest_route=\/wp\/v2\/posts\/326317\/revisions"}],"predecessor-version":[{"id":326421,"href":"https:\/\/archive.sana.sy\/tr\/index.php?rest_route=\/wp\/v2\/posts\/326317\/revisions\/326421"}],"wp:featuredmedia":[{"embeddable":true,"href":"https:\/\/archive.sana.sy\/tr\/index.php?rest_route=\/wp\/v2\/media\/326318"}],"wp:attachment":[{"href":"https:\/\/archive.sana.sy\/tr\/index.php?rest_route=%2Fwp%2Fv2%2Fmedia&parent=326317"}],"wp:term":[{"taxonomy":"category","embeddable":true,"href":"https:\/\/archive.sana.sy\/tr\/index.php?rest_route=%2Fwp%2Fv2%2Fcategories&post=326317"},{"taxonomy":"post_tag","embeddable":true,"href":"https:\/\/archive.sana.sy\/tr\/index.php?rest_route=%2Fwp%2Fv2%2Ftags&post=326317"}],"curies":[{"name":"wp","href":"https:\/\/api.w.org\/{rel}","templated":true}]}}