{"id":326329,"date":"2025-07-24T10:04:30","date_gmt":"2025-07-24T07:04:30","guid":{"rendered":"https:\/\/sana.sy\/tr\/?p=326329"},"modified":"2025-07-24T10:04:30","modified_gmt":"2025-07-24T07:04:30","slug":"suriye-saglik-sektorunde-yatirimlarin-guclendirilmesine-yonelik-gorusmeler","status":"publish","type":"post","link":"https:\/\/archive.sana.sy\/tr\/?p=326329","title":{"rendered":"Suriye Sa\u011fl\u0131k Sekt\u00f6r\u00fcnde Yat\u0131r\u0131mlar\u0131n G\u00fc\u00e7lendirilmesine Y\u00f6nelik G\u00f6r\u00fc\u015fmeler"},"content":{"rendered":"<p style=\"text-align: justify;\"><strong>\u015eAM (SANA) &#8211; <\/strong>Suriye Sa\u011fl\u0131k Bakan\u0131 Dr. Musab El Ali, Suudi-Britanya \u0130\u015f Konseyi Ba\u015fkan\u0131 ve InterHealth Global \u015eirketi Y\u00f6netim Kurulu Ba\u015fkan\u0131 Emad Daghir ile sa\u011fl\u0131k sekt\u00f6r\u00fcnde yat\u0131r\u0131m mekanizmalar\u0131n\u0131 g\u00f6r\u00fc\u015ft\u00fc.<\/p>\n<p style=\"text-align: justify;\">Taraflar, bakanl\u0131k binas\u0131nda ger\u00e7ekle\u015fen toplant\u0131da sa\u011fl\u0131k sekt\u00f6r\u00fcn\u00fc destekleyecek ortakl\u0131klar\u0131n kurulmas\u0131 ve Suriye\u2019deki sa\u011fl\u0131k tesislerinin rehabilitasyonu konular\u0131n\u0131 ele ald\u0131.<\/p>\n<div id='gallery-1' class='gallery galleryid-326329 gallery-columns-2 gallery-size-full'><figure class='gallery-item'>\n\t\t\t<div class='gallery-icon landscape'>\n\t\t\t\t<a href='https:\/\/archive.sana.sy\/tr\/wp-content\/uploads\/2025\/07\/DSC_3214.jpg'><img loading=\"lazy\" decoding=\"async\" width=\"660\" height=\"397\" src=\"https:\/\/archive.sana.sy\/tr\/wp-content\/uploads\/2025\/07\/DSC_3214.jpg\" class=\"attachment-full size-full\" alt=\"\" srcset=\"https:\/\/archive.sana.sy\/tr\/wp-content\/uploads\/2025\/07\/DSC_3214.jpg 660w, https:\/\/archive.sana.sy\/tr\/wp-content\/uploads\/2025\/07\/DSC_3214-300x180.jpg 300w\" sizes=\"auto, (max-width: 660px) 100vw, 660px\" \/><\/a>\n\t\t\t<\/div><\/figure><figure class='gallery-item'>\n\t\t\t<div class='gallery-icon landscape'>\n\t\t\t\t<a href='https:\/\/archive.sana.sy\/tr\/wp-content\/uploads\/2025\/07\/DSC_3232.jpg'><img loading=\"lazy\" decoding=\"async\" width=\"660\" height=\"405\" src=\"https:\/\/archive.sana.sy\/tr\/wp-content\/uploads\/2025\/07\/DSC_3232.jpg\" class=\"attachment-full size-full\" alt=\"\" srcset=\"https:\/\/archive.sana.sy\/tr\/wp-content\/uploads\/2025\/07\/DSC_3232.jpg 660w, https:\/\/archive.sana.sy\/tr\/wp-content\/uploads\/2025\/07\/DSC_3232-300x184.jpg 300w\" sizes=\"auto, (max-width: 660px) 100vw, 660px\" \/><\/a>\n\t\t\t<\/div><\/figure>\n\t\t<\/div>\n\n<p style=\"text-align: justify;\">\n","protected":false},"excerpt":{"rendered":"<p>\u015eAM (SANA) &#8211; Suriye Sa\u011fl\u0131k Bakan\u0131 Dr. Musab El Ali, Suudi-Britanya \u0130\u015f Konseyi Ba\u015fkan\u0131 ve InterHealth Global \u015eirketi Y\u00f6netim Kurulu Ba\u015fkan\u0131 Emad Daghir ile sa\u011fl\u0131k sekt\u00f6r\u00fcnde yat\u0131r\u0131m mekanizmalar\u0131n\u0131 g\u00f6r\u00fc\u015ft\u00fc. Taraflar, bakanl\u0131k binas\u0131nda ger\u00e7ekle\u015fen toplant\u0131da sa\u011fl\u0131k sekt\u00f6r\u00fcn\u00fc destekleyecek ortakl\u0131klar\u0131n kurulmas\u0131 ve Suriye\u2019deki sa\u011fl\u0131k tesislerinin rehabilitasyonu konular\u0131n\u0131 ele ald\u0131.<\/p>\n","protected":false},"author":39,"featured_media":326330,"comment_status":"closed","ping_status":"closed","sticky":false,"template":"","format":"standard","meta":{"footnotes":""},"categories":[589,479,17988,478],"tags":[],"class_list":["post-326329","post","type-post","status-publish","format-standard","has-post-thumbnail","","category-haber-seridi","category-haberler-yerel","category-son-haberler","category-yerel"],"_links":{"self":[{"href":"https:\/\/archive.sana.sy\/tr\/index.php?rest_route=\/wp\/v2\/posts\/326329","targetHints":{"allow":["GET"]}}],"collection":[{"href":"https:\/\/archive.sana.sy\/tr\/index.php?rest_route=\/wp\/v2\/posts"}],"about":[{"href":"https:\/\/archive.sana.sy\/tr\/index.php?rest_route=\/wp\/v2\/types\/post"}],"author":[{"embeddable":true,"href":"https:\/\/archive.sana.sy\/tr\/index.php?rest_route=\/wp\/v2\/users\/39"}],"replies":[{"embeddable":true,"href":"https:\/\/archive.sana.sy\/tr\/index.php?rest_route=%2Fwp%2Fv2%2Fcomments&post=326329"}],"version-history":[{"count":1,"href":"https:\/\/archive.sana.sy\/tr\/index.php?rest_route=\/wp\/v2\/posts\/326329\/revisions"}],"predecessor-version":[{"id":326333,"href":"https:\/\/archive.sana.sy\/tr\/index.php?rest_route=\/wp\/v2\/posts\/326329\/revisions\/326333"}],"wp:featuredmedia":[{"embeddable":true,"href":"https:\/\/archive.sana.sy\/tr\/index.php?rest_route=\/wp\/v2\/media\/326330"}],"wp:attachment":[{"href":"https:\/\/archive.sana.sy\/tr\/index.php?rest_route=%2Fwp%2Fv2%2Fmedia&parent=326329"}],"wp:term":[{"taxonomy":"category","embeddable":true,"href":"https:\/\/archive.sana.sy\/tr\/index.php?rest_route=%2Fwp%2Fv2%2Fcategories&post=326329"},{"taxonomy":"post_tag","embeddable":true,"href":"https:\/\/archive.sana.sy\/tr\/index.php?rest_route=%2Fwp%2Fv2%2Ftags&post=326329"}],"curies":[{"name":"wp","href":"https:\/\/api.w.org\/{rel}","templated":true}]}}