{"id":326334,"date":"2025-07-24T10:25:13","date_gmt":"2025-07-24T07:25:13","guid":{"rendered":"https:\/\/sana.sy\/tr\/?p=326334"},"modified":"2025-07-24T10:25:13","modified_gmt":"2025-07-24T07:25:13","slug":"urdun-tarim-bakani-urdunun-suriye-ile-isbirligini-guclendirmeye-kararli-oldugunu-vurguladi","status":"publish","type":"post","link":"https:\/\/archive.sana.sy\/tr\/?p=326334","title":{"rendered":"\u00dcrd\u00fcn Tar\u0131m Bakan\u0131, \u00dcrd\u00fcn\u2019\u00fcn Suriye ile \u0130\u015fbirli\u011fini G\u00fc\u00e7lendirmeye Kararl\u0131 Oldu\u011funu Vurgulad\u0131"},"content":{"rendered":"<p style=\"text-align: justify;\"><strong>AMMAN (SANA) \u2013 <\/strong>\u00dcrd\u00fcn Tar\u0131m Bakan\u0131 Halid El Huneyfat, \u00fclkesinin Suriye ile kalk\u0131nma ve istikrara hizmet eden hayati sekt\u00f6rlerde, \u00f6zellikle tar\u0131m sekt\u00f6r\u00fcnde i\u015fbirli\u011fini g\u00fc\u00e7lendirme konusundaki kararl\u0131l\u0131\u011f\u0131n\u0131 yeniledi.<\/p>\n<p style=\"text-align: justify;\">\u00dcrd\u00fcn resmi haber sitesi El Mamlaka\u2019n\u0131n aktard\u0131\u011f\u0131na g\u00f6re, \u00dcrd\u00fcn\u2019\u00fcn ba\u015fkenti Amman\u2019da ger\u00e7ekle\u015fen g\u00f6r\u00fc\u015fmeye Suriye Ziraat M\u00fchendisleri Sendikas\u0131 Ba\u015fkan\u0131 Mustafa El Mustafa ve beraberindeki heyet kat\u0131ld\u0131.<\/p>\n<p style=\"text-align: justify;\">El Huneyfat, \u00dcrd\u00fcn ile Suriye aras\u0131nda tar\u0131m alan\u0131nda deneyim ve bilgi payla\u015f\u0131m\u0131n\u0131n \u00f6nemine i\u015faret ederek, tar\u0131msal kurumsal \u00e7al\u0131\u015fmalar ve mesle\u011fi d\u00fczenleyen sendikal mevzuat konular\u0131nda i\u015fbirli\u011finin geli\u015ftirilmesi gerekti\u011fini vurgulayarak, \u00dcrd\u00fcn tar\u0131m sekt\u00f6r\u00fcn\u00fcn son \u00fc\u00e7 y\u0131lda kaydetti\u011fi kayda de\u011fer b\u00fcy\u00fcmenin model te\u015fkil etti\u011fini ifade etti.<\/p>\n<p style=\"text-align: justify;\">El Mustafa ise \u00dcrd\u00fcn h\u00fck\u00fcmeti ve \u00dcrd\u00fcn Ziraat M\u00fchendisleri Sendikas\u0131\u2019na ortak \u00e7al\u0131\u015fma ve i\u015fbirli\u011fi kap\u0131lar\u0131n\u0131 a\u00e7ma konusundaki \u00e7abalar\u0131ndan dolay\u0131 te\u015fekk\u00fcrlerini sunarak, \u00dcrd\u00fcn\u2019\u00fcn tar\u0131msal sendikal \u00e7al\u0131\u015fmalar\u0131n desteklenmesi ve bilgi ile deneyim payla\u015f\u0131m\u0131ndaki gayretlerini takdir etti.<\/p>\n<p style=\"text-align: justify;\">El Mustafa, bu ziyaretin iki \u00fclkenin mesleki ve sendikal ili\u015fkilerini g\u00fc\u00e7lendirmeye y\u00f6nelik koordinasyon \u00e7er\u00e7evesinde ger\u00e7ekle\u015fti\u011fini, tar\u0131msal projelerde ortakl\u0131klar\u0131n geli\u015ftirilmesi, teknik donan\u0131m ve e\u011fitim alanlar\u0131nda i\u015fbirli\u011finin art\u0131r\u0131lmas\u0131 amac\u0131n\u0131 ta\u015f\u0131d\u0131\u011f\u0131n\u0131 belirtti. Bu \u00e7al\u0131\u015fmalar\u0131n her iki \u00fclkenin tar\u0131m sekt\u00f6r\u00fcne olumlu katk\u0131lar sa\u011flayaca\u011f\u0131 vurguland\u0131.<\/p>\n<p style=\"text-align: justify;\">\n","protected":false},"excerpt":{"rendered":"<p>AMMAN (SANA) \u2013 \u00dcrd\u00fcn Tar\u0131m Bakan\u0131 Halid El Huneyfat, \u00fclkesinin Suriye ile kalk\u0131nma ve istikrara hizmet eden hayati sekt\u00f6rlerde, \u00f6zellikle tar\u0131m sekt\u00f6r\u00fcnde i\u015fbirli\u011fini g\u00fc\u00e7lendirme konusundaki kararl\u0131l\u0131\u011f\u0131n\u0131 yeniledi. \u00dcrd\u00fcn resmi haber sitesi El Mamlaka\u2019n\u0131n aktard\u0131\u011f\u0131na g\u00f6re, \u00dcrd\u00fcn\u2019\u00fcn ba\u015fkenti Amman\u2019da ger\u00e7ekle\u015fen g\u00f6r\u00fc\u015fmeye Suriye Ziraat M\u00fchendisleri Sendikas\u0131 Ba\u015fkan\u0131 Mustafa El Mustafa ve beraberindeki heyet kat\u0131ld\u0131. El Huneyfat, \u00dcrd\u00fcn &hellip;<\/p>\n","protected":false},"author":39,"featured_media":326335,"comment_status":"closed","ping_status":"closed","sticky":false,"template":"","format":"standard","meta":{"footnotes":""},"categories":[458,589,459,17988],"tags":[],"class_list":["post-326334","post","type-post","status-publish","format-standard","has-post-thumbnail","","category-dunya1","category-haber-seridi","category-haberler-arap-uluslararasi-politika","category-son-haberler"],"_links":{"self":[{"href":"https:\/\/archive.sana.sy\/tr\/index.php?rest_route=\/wp\/v2\/posts\/326334","targetHints":{"allow":["GET"]}}],"collection":[{"href":"https:\/\/archive.sana.sy\/tr\/index.php?rest_route=\/wp\/v2\/posts"}],"about":[{"href":"https:\/\/archive.sana.sy\/tr\/index.php?rest_route=\/wp\/v2\/types\/post"}],"author":[{"embeddable":true,"href":"https:\/\/archive.sana.sy\/tr\/index.php?rest_route=\/wp\/v2\/users\/39"}],"replies":[{"embeddable":true,"href":"https:\/\/archive.sana.sy\/tr\/index.php?rest_route=%2Fwp%2Fv2%2Fcomments&post=326334"}],"version-history":[{"count":1,"href":"https:\/\/archive.sana.sy\/tr\/index.php?rest_route=\/wp\/v2\/posts\/326334\/revisions"}],"predecessor-version":[{"id":326336,"href":"https:\/\/archive.sana.sy\/tr\/index.php?rest_route=\/wp\/v2\/posts\/326334\/revisions\/326336"}],"wp:featuredmedia":[{"embeddable":true,"href":"https:\/\/archive.sana.sy\/tr\/index.php?rest_route=\/wp\/v2\/media\/326335"}],"wp:attachment":[{"href":"https:\/\/archive.sana.sy\/tr\/index.php?rest_route=%2Fwp%2Fv2%2Fmedia&parent=326334"}],"wp:term":[{"taxonomy":"category","embeddable":true,"href":"https:\/\/archive.sana.sy\/tr\/index.php?rest_route=%2Fwp%2Fv2%2Fcategories&post=326334"},{"taxonomy":"post_tag","embeddable":true,"href":"https:\/\/archive.sana.sy\/tr\/index.php?rest_route=%2Fwp%2Fv2%2Ftags&post=326334"}],"curies":[{"name":"wp","href":"https:\/\/api.w.org\/{rel}","templated":true}]}}