{"id":326337,"date":"2025-07-24T10:38:26","date_gmt":"2025-07-24T07:38:26","guid":{"rendered":"https:\/\/sana.sy\/tr\/?p=326337"},"modified":"2025-07-24T13:53:59","modified_gmt":"2025-07-24T10:53:59","slug":"suveydadan-deraya-500den-fazla-sivil-tahliye-edildi","status":"publish","type":"post","link":"https:\/\/archive.sana.sy\/tr\/?p=326337","title":{"rendered":"S\u00fcveyda\u2019dan Dera\u2019ya 500\u2019den Fazla Sivil Tahliye Edildi"},"content":{"rendered":"<p style=\"text-align: justify;\"><strong>S\u00dcVEYDA (SANA) &#8211; <\/strong>S\u00fcveyda vilayetinden i\u00e7inde 6 otob\u00fcs bulunan ve 500\u2019den fazla sivili ta\u015f\u0131yan bir konvoy Dera\u2019ya do\u011fru yola \u00e7\u0131kt\u0131.<\/p>\n<p style=\"text-align: justify;\">SANA muhabiri, S\u00fcveyda\u2019dan Dera\u2019ya 6 otob\u00fcsle 500\u2019den fazla sivilin tahliye edildi\u011fini bildirdi.<\/p>\n<p style=\"text-align: justify;\">\u0130ki g\u00fcn \u00f6nce, S\u00fcveyda kentinde al\u0131konulan bedevi ailelerin tahliyesi s\u00fcreci ba\u015flad\u0131. Suriye \u0130\u00e7i\u015fleri Bakanl\u0131\u011f\u0131\u2019n\u0131n yo\u011fun \u00e7abalar\u0131 sonucu, mevcut ko\u015fullar nedeniyle S\u00fcveyda vilayetinden ayr\u0131lmak isteyen t\u00fcm sivillerin g\u00fcvenli \u015fekilde tahliye edilmesini ve ihtiya\u00e7 duyuldu\u011funda g\u00fcvenli \u015fekilde evlerine geri d\u00f6nmelerinin sa\u011flanmas\u0131n\u0131 i\u00e7eren bir anla\u015fmaya var\u0131ld\u0131.<\/p>\n<div id='gallery-1' class='gallery galleryid-326337 gallery-columns-2 gallery-size-full'><figure class='gallery-item'>\n\t\t\t<div class='gallery-icon landscape'>\n\t\t\t\t<a href='https:\/\/archive.sana.sy\/tr\/wp-content\/uploads\/2025\/07\/photo_2_2025-07-23_23-04-14.jpg'><img loading=\"lazy\" decoding=\"async\" width=\"1280\" height=\"804\" src=\"https:\/\/archive.sana.sy\/tr\/wp-content\/uploads\/2025\/07\/photo_2_2025-07-23_23-04-14.jpg\" class=\"attachment-full size-full\" alt=\"\" srcset=\"https:\/\/archive.sana.sy\/tr\/wp-content\/uploads\/2025\/07\/photo_2_2025-07-23_23-04-14.jpg 1280w, https:\/\/archive.sana.sy\/tr\/wp-content\/uploads\/2025\/07\/photo_2_2025-07-23_23-04-14-300x188.jpg 300w, https:\/\/archive.sana.sy\/tr\/wp-content\/uploads\/2025\/07\/photo_2_2025-07-23_23-04-14-1024x643.jpg 1024w, https:\/\/archive.sana.sy\/tr\/wp-content\/uploads\/2025\/07\/photo_2_2025-07-23_23-04-14-768x482.jpg 768w\" sizes=\"auto, (max-width: 1280px) 100vw, 1280px\" \/><\/a>\n\t\t\t<\/div><\/figure><figure class='gallery-item'>\n\t\t\t<div class='gallery-icon landscape'>\n\t\t\t\t<a href='https:\/\/archive.sana.sy\/tr\/wp-content\/uploads\/2025\/07\/photo_3_2025-07-23_23-04-14.jpg'><img loading=\"lazy\" decoding=\"async\" width=\"1280\" height=\"768\" src=\"https:\/\/archive.sana.sy\/tr\/wp-content\/uploads\/2025\/07\/photo_3_2025-07-23_23-04-14.jpg\" class=\"attachment-full size-full\" alt=\"\" srcset=\"https:\/\/archive.sana.sy\/tr\/wp-content\/uploads\/2025\/07\/photo_3_2025-07-23_23-04-14.jpg 1280w, https:\/\/archive.sana.sy\/tr\/wp-content\/uploads\/2025\/07\/photo_3_2025-07-23_23-04-14-300x180.jpg 300w, https:\/\/archive.sana.sy\/tr\/wp-content\/uploads\/2025\/07\/photo_3_2025-07-23_23-04-14-1024x614.jpg 1024w, https:\/\/archive.sana.sy\/tr\/wp-content\/uploads\/2025\/07\/photo_3_2025-07-23_23-04-14-768x461.jpg 768w\" sizes=\"auto, (max-width: 1280px) 100vw, 1280px\" \/><\/a>\n\t\t\t<\/div><\/figure><figure class='gallery-item'>\n\t\t\t<div class='gallery-icon landscape'>\n\t\t\t\t<a href='https:\/\/archive.sana.sy\/tr\/wp-content\/uploads\/2025\/07\/photo_4_2025-07-23_23-04-14.jpg'><img loading=\"lazy\" decoding=\"async\" width=\"1280\" height=\"814\" src=\"https:\/\/archive.sana.sy\/tr\/wp-content\/uploads\/2025\/07\/photo_4_2025-07-23_23-04-14.jpg\" class=\"attachment-full size-full\" alt=\"\" srcset=\"https:\/\/archive.sana.sy\/tr\/wp-content\/uploads\/2025\/07\/photo_4_2025-07-23_23-04-14.jpg 1280w, https:\/\/archive.sana.sy\/tr\/wp-content\/uploads\/2025\/07\/photo_4_2025-07-23_23-04-14-300x191.jpg 300w, https:\/\/archive.sana.sy\/tr\/wp-content\/uploads\/2025\/07\/photo_4_2025-07-23_23-04-14-1024x651.jpg 1024w, https:\/\/archive.sana.sy\/tr\/wp-content\/uploads\/2025\/07\/photo_4_2025-07-23_23-04-14-768x488.jpg 768w\" sizes=\"auto, (max-width: 1280px) 100vw, 1280px\" \/><\/a>\n\t\t\t<\/div><\/figure><figure class='gallery-item'>\n\t\t\t<div class='gallery-icon landscape'>\n\t\t\t\t<a href='https:\/\/archive.sana.sy\/tr\/wp-content\/uploads\/2025\/07\/photo_5_2025-07-23_23-04-14.jpg'><img loading=\"lazy\" decoding=\"async\" width=\"1280\" height=\"832\" src=\"https:\/\/archive.sana.sy\/tr\/wp-content\/uploads\/2025\/07\/photo_5_2025-07-23_23-04-14.jpg\" class=\"attachment-full size-full\" alt=\"\" srcset=\"https:\/\/archive.sana.sy\/tr\/wp-content\/uploads\/2025\/07\/photo_5_2025-07-23_23-04-14.jpg 1280w, https:\/\/archive.sana.sy\/tr\/wp-content\/uploads\/2025\/07\/photo_5_2025-07-23_23-04-14-300x195.jpg 300w, https:\/\/archive.sana.sy\/tr\/wp-content\/uploads\/2025\/07\/photo_5_2025-07-23_23-04-14-1024x666.jpg 1024w, https:\/\/archive.sana.sy\/tr\/wp-content\/uploads\/2025\/07\/photo_5_2025-07-23_23-04-14-768x499.jpg 768w\" sizes=\"auto, (max-width: 1280px) 100vw, 1280px\" \/><\/a>\n\t\t\t<\/div><\/figure>\n\t\t<\/div>\n\n","protected":false},"excerpt":{"rendered":"<p>S\u00dcVEYDA (SANA) &#8211; S\u00fcveyda vilayetinden i\u00e7inde 6 otob\u00fcs bulunan ve 500\u2019den fazla sivili ta\u015f\u0131yan bir konvoy Dera\u2019ya do\u011fru yola \u00e7\u0131kt\u0131. SANA muhabiri, S\u00fcveyda\u2019dan Dera\u2019ya 6 otob\u00fcsle 500\u2019den fazla sivilin tahliye edildi\u011fini bildirdi. \u0130ki g\u00fcn \u00f6nce, S\u00fcveyda kentinde al\u0131konulan bedevi ailelerin tahliyesi s\u00fcreci ba\u015flad\u0131. Suriye \u0130\u00e7i\u015fleri Bakanl\u0131\u011f\u0131\u2019n\u0131n yo\u011fun \u00e7abalar\u0131 sonucu, mevcut ko\u015fullar nedeniyle S\u00fcveyda vilayetinden ayr\u0131lmak &hellip;<\/p>\n","protected":false},"author":39,"featured_media":326338,"comment_status":"closed","ping_status":"closed","sticky":false,"template":"","format":"standard","meta":{"footnotes":""},"categories":[479,17988,478],"tags":[],"class_list":["post-326337","post","type-post","status-publish","format-standard","has-post-thumbnail","","category-haberler-yerel","category-son-haberler","category-yerel"],"_links":{"self":[{"href":"https:\/\/archive.sana.sy\/tr\/index.php?rest_route=\/wp\/v2\/posts\/326337","targetHints":{"allow":["GET"]}}],"collection":[{"href":"https:\/\/archive.sana.sy\/tr\/index.php?rest_route=\/wp\/v2\/posts"}],"about":[{"href":"https:\/\/archive.sana.sy\/tr\/index.php?rest_route=\/wp\/v2\/types\/post"}],"author":[{"embeddable":true,"href":"https:\/\/archive.sana.sy\/tr\/index.php?rest_route=\/wp\/v2\/users\/39"}],"replies":[{"embeddable":true,"href":"https:\/\/archive.sana.sy\/tr\/index.php?rest_route=%2Fwp%2Fv2%2Fcomments&post=326337"}],"version-history":[{"count":3,"href":"https:\/\/archive.sana.sy\/tr\/index.php?rest_route=\/wp\/v2\/posts\/326337\/revisions"}],"predecessor-version":[{"id":326345,"href":"https:\/\/archive.sana.sy\/tr\/index.php?rest_route=\/wp\/v2\/posts\/326337\/revisions\/326345"}],"wp:featuredmedia":[{"embeddable":true,"href":"https:\/\/archive.sana.sy\/tr\/index.php?rest_route=\/wp\/v2\/media\/326338"}],"wp:attachment":[{"href":"https:\/\/archive.sana.sy\/tr\/index.php?rest_route=%2Fwp%2Fv2%2Fmedia&parent=326337"}],"wp:term":[{"taxonomy":"category","embeddable":true,"href":"https:\/\/archive.sana.sy\/tr\/index.php?rest_route=%2Fwp%2Fv2%2Fcategories&post=326337"},{"taxonomy":"post_tag","embeddable":true,"href":"https:\/\/archive.sana.sy\/tr\/index.php?rest_route=%2Fwp%2Fv2%2Ftags&post=326337"}],"curies":[{"name":"wp","href":"https:\/\/api.w.org\/{rel}","templated":true}]}}