{"id":326346,"date":"2025-07-24T11:53:22","date_gmt":"2025-07-24T08:53:22","guid":{"rendered":"https:\/\/sana.sy\/tr\/?p=326346"},"modified":"2025-07-24T17:22:32","modified_gmt":"2025-07-24T14:22:32","slug":"rubio-ve-safadi-suveydada-ateskesin-saglanmasinin-ve-diyalogun-gerekliligini-vurguladi","status":"publish","type":"post","link":"https:\/\/archive.sana.sy\/tr\/?p=326346","title":{"rendered":"Rubio ve Safadi, S\u00fcveyda\u2019da Ate\u015fkesin Sa\u011flanmas\u0131n\u0131n ve Diyalo\u011fun Gereklili\u011fini Vurgulad\u0131"},"content":{"rendered":"<p style=\"text-align: justify;\"><span style=\"color: #ff0000;\"><strong>WASHINGTON (SANA) &#8211; <\/strong><\/span>ABD D\u0131\u015fi\u015fleri Bakan\u0131 Marco Rubio ve \u00dcrd\u00fcn D\u0131\u015fi\u015fleri Bakan\u0131 Ayman Safadi, G\u00fcney Suriye\u2019deki ate\u015fkesin sa\u011flanmas\u0131n\u0131n ve diyalo\u011fun \u00e7\u00f6z\u00fcm yolu olarak benimsenmesinin \u00f6nemini vurgulad\u0131lar.<\/p>\n<p style=\"text-align: justify;\">\u00dcrd\u00fcn resmi haber ajans\u0131 Petra\u2019n\u0131n aktard\u0131\u011f\u0131na g\u00f6re, Rubio ve Safadi Washington\u2019da ger\u00e7ekle\u015ftirdikleri g\u00f6r\u00fc\u015fmede Suriye&#8217;deki durumu ele ald\u0131lar.<\/p>\n<p>ABD D\u0131\u015fi\u015fleri Bakan\u0131, \u201cG\u00fcney Suriye\u2019deki krizin \u00e7\u00f6z\u00fcm\u00fcnde diyalo\u011fun esas al\u0131nmas\u0131 ve t\u00fcm sivillerin korunmas\u0131 gereklidir\u201d dedi.<\/p>\n<p style=\"text-align: justify;\">Safadi ise, \u201cS\u00fcveyda vilayetinde ate\u015fkesin sa\u011flanmas\u0131, insani yard\u0131mlar\u0131n ula\u015ft\u0131r\u0131lmas\u0131, sivillerin korunmas\u0131 ve Suriye devletinin egemenli\u011finin ve hukukunun t\u00fcm topraklar\u0131nda tesis edilmesi gereklidir\u201d ifadelerini kulland\u0131.<\/p>\n<p style=\"text-align: justify;\">Safadi ayr\u0131ca, Suriye\u2019nin birlik, egemenlik, g\u00fcvenlik, istikrar ve toprak b\u00fct\u00fcnl\u00fc\u011f\u00fcn\u00fc koruyacak \u015fekilde yeniden in\u015fas\u0131 s\u00fcrecinin desteklenmesinin \u00f6nemine dikkat \u00e7ekti.<\/p>\n<p style=\"text-align: justify;\">\u0130ki bakanikili ili\u015fkilerin g\u00fc\u00e7lendirilmesi, b\u00f6lgesel krizlerin \u00e7\u00f6z\u00fcm\u00fc ve g\u00fcvenlik ile istikrar\u0131n sa\u011flanmas\u0131na y\u00f6nelik koordinasyon ve ileti\u015fimin devam\u0131 konusunda mutab\u0131k kald\u0131lar.<\/p>\n","protected":false},"excerpt":{"rendered":"<p>WASHINGTON (SANA) &#8211; ABD D\u0131\u015fi\u015fleri Bakan\u0131 Marco Rubio ve \u00dcrd\u00fcn D\u0131\u015fi\u015fleri Bakan\u0131 Ayman Safadi, G\u00fcney Suriye\u2019deki ate\u015fkesin sa\u011flanmas\u0131n\u0131n ve diyalo\u011fun \u00e7\u00f6z\u00fcm yolu olarak benimsenmesinin \u00f6nemini vurgulad\u0131lar. \u00dcrd\u00fcn resmi haber ajans\u0131 Petra\u2019n\u0131n aktard\u0131\u011f\u0131na g\u00f6re, Rubio ve Safadi Washington\u2019da ger\u00e7ekle\u015ftirdikleri g\u00f6r\u00fc\u015fmede Suriye&#8217;deki durumu ele ald\u0131lar. ABD D\u0131\u015fi\u015fleri Bakan\u0131, \u201cG\u00fcney Suriye\u2019deki krizin \u00e7\u00f6z\u00fcm\u00fcnde diyalo\u011fun esas al\u0131nmas\u0131 ve t\u00fcm &hellip;<\/p>\n","protected":false},"author":39,"featured_media":326347,"comment_status":"closed","ping_status":"closed","sticky":false,"template":"","format":"standard","meta":{"footnotes":""},"categories":[458,589,459,17988],"tags":[],"class_list":["post-326346","post","type-post","status-publish","format-standard","has-post-thumbnail","","category-dunya1","category-haber-seridi","category-haberler-arap-uluslararasi-politika","category-son-haberler"],"_links":{"self":[{"href":"https:\/\/archive.sana.sy\/tr\/index.php?rest_route=\/wp\/v2\/posts\/326346","targetHints":{"allow":["GET"]}}],"collection":[{"href":"https:\/\/archive.sana.sy\/tr\/index.php?rest_route=\/wp\/v2\/posts"}],"about":[{"href":"https:\/\/archive.sana.sy\/tr\/index.php?rest_route=\/wp\/v2\/types\/post"}],"author":[{"embeddable":true,"href":"https:\/\/archive.sana.sy\/tr\/index.php?rest_route=\/wp\/v2\/users\/39"}],"replies":[{"embeddable":true,"href":"https:\/\/archive.sana.sy\/tr\/index.php?rest_route=%2Fwp%2Fv2%2Fcomments&post=326346"}],"version-history":[{"count":4,"href":"https:\/\/archive.sana.sy\/tr\/index.php?rest_route=\/wp\/v2\/posts\/326346\/revisions"}],"predecessor-version":[{"id":326416,"href":"https:\/\/archive.sana.sy\/tr\/index.php?rest_route=\/wp\/v2\/posts\/326346\/revisions\/326416"}],"wp:featuredmedia":[{"embeddable":true,"href":"https:\/\/archive.sana.sy\/tr\/index.php?rest_route=\/wp\/v2\/media\/326347"}],"wp:attachment":[{"href":"https:\/\/archive.sana.sy\/tr\/index.php?rest_route=%2Fwp%2Fv2%2Fmedia&parent=326346"}],"wp:term":[{"taxonomy":"category","embeddable":true,"href":"https:\/\/archive.sana.sy\/tr\/index.php?rest_route=%2Fwp%2Fv2%2Fcategories&post=326346"},{"taxonomy":"post_tag","embeddable":true,"href":"https:\/\/archive.sana.sy\/tr\/index.php?rest_route=%2Fwp%2Fv2%2Ftags&post=326346"}],"curies":[{"name":"wp","href":"https:\/\/api.w.org\/{rel}","templated":true}]}}