{"id":326355,"date":"2025-07-24T11:17:22","date_gmt":"2025-07-24T08:17:22","guid":{"rendered":"https:\/\/sana.sy\/tr\/?p=326355"},"modified":"2025-07-24T11:17:22","modified_gmt":"2025-07-24T08:17:22","slug":"katarin-bm-daimi-temsilcisi-israilin-suregelen-askeri-tirmanisi-bolge-guvenligini-tehdit-ediyor","status":"publish","type":"post","link":"https:\/\/archive.sana.sy\/tr\/?p=326355","title":{"rendered":"Katar\u2019\u0131n BM Daimi Temsilcisi: \u0130srail\u2019in S\u00fcregelen Askeri T\u0131rman\u0131\u015f\u0131 B\u00f6lge G\u00fcvenli\u011fini Tehdit Ediyor"},"content":{"rendered":"<p style=\"text-align: justify;\"><strong>NEW YORK (SANA) &#8211;\u00a0<\/strong>Katar\u2019\u0131n Birle\u015fmi\u015f Milletler Daimi Temsilcisi B\u00fcy\u00fckel\u00e7i Alya Ahmed bin Saif, Gazze, L\u00fcbnan, Suriye ve di\u011fer b\u00f6lgelerde devam eden \u0130srail\u2019in askeri t\u0131rman\u0131\u015f\u0131n\u0131n b\u00f6lgedeki gerilimi art\u0131rd\u0131\u011f\u0131n\u0131 ve istikrar\u0131 tehdit etti\u011fini vurgulad\u0131.<\/p>\n<p style=\"text-align: justify;\">Katar\u2019\u0131n Birle\u015fmi\u015f Milletler Daimi Temsilcisi B\u00fcy\u00fckel\u00e7i Alia Ahmed bin Saif, BM G\u00fcvenlik Konseyi\u2019nin uluslararas\u0131 bar\u0131\u015f ve g\u00fcvenli\u011fin g\u00fc\u00e7lendirilmesi konulu oturumunda yapt\u0131\u011f\u0131 a\u00e7\u0131klamada, Katar\u2019\u0131n \u00e7at\u0131\u015fman\u0131n t\u0131rmanmas\u0131n\u0131 \u00f6nlemek i\u00e7in b\u00f6lgesel ve uluslararas\u0131 ortaklar\u0131yla birlikte \u00e7al\u0131\u015ft\u0131\u011f\u0131n\u0131, \u0130srail\u2019in askeri faaliyetlerinin devam etmesinin ciddi sonu\u00e7lara yol a\u00e7abilece\u011fi konusunda uyar\u0131larda bulundu\u011funu belirtti.<\/p>\n<p style=\"text-align: justify;\">B\u00fcy\u00fckel\u00e7i Alya, diplomasinin \u00f6nceliklendirilmesi, iyi kom\u015fuluk ilkelerine ba\u011fl\u0131l\u0131k ve t\u0131rman\u0131\u015fa kar\u015f\u0131 itidal \u00e7a\u011fr\u0131s\u0131nda bulunarak, Katar d\u0131\u015f politikas\u0131n\u0131n \u00e7at\u0131\u015fmalar\u0131n bar\u0131\u015f\u00e7\u0131l yollarla \u00e7\u00f6z\u00fcm\u00fcne \u00f6ncelik verdi\u011fini ifade etti.<\/p>\n<p style=\"text-align: justify;\">Katar Devleti, daha fazla insani ac\u0131n\u0131n \u00f6nlenmesi ve k\u00fcresel istikrar\u0131n g\u00fc\u00e7lendirilmesi i\u00e7in G\u00fcvenlik Konseyi\u2019nin bar\u0131\u015f\u00e7\u0131l s\u00fcre\u00e7leri ve siyasi \u00e7\u00f6z\u00fcmleri destekleme y\u00fck\u00fcml\u00fcl\u00fc\u011f\u00fcn\u00fc tekrar vurgulayarak, Birle\u015fmi\u015f Milletler G\u00fcvenlik Konseyi\u2019ni \u00e7at\u0131\u015fmalar\u0131n \u00f6nlenmesi, uluslararas\u0131 hukukun ihlallerine kar\u015f\u0131 etkin m\u00fccadele, kararlar\u0131n uygulanmas\u0131, uluslararas\u0131 normlar\u0131n korunmas\u0131 ve cezas\u0131zl\u0131\u011f\u0131n sona erdirilmesi konular\u0131nda sorumluluklar\u0131n\u0131 yerine getirmeye \u00e7a\u011f\u0131rd\u0131.<\/p>\n","protected":false},"excerpt":{"rendered":"<p>NEW YORK (SANA) &#8211;\u00a0Katar\u2019\u0131n Birle\u015fmi\u015f Milletler Daimi Temsilcisi B\u00fcy\u00fckel\u00e7i Alya Ahmed bin Saif, Gazze, L\u00fcbnan, Suriye ve di\u011fer b\u00f6lgelerde devam eden \u0130srail\u2019in askeri t\u0131rman\u0131\u015f\u0131n\u0131n b\u00f6lgedeki gerilimi art\u0131rd\u0131\u011f\u0131n\u0131 ve istikrar\u0131 tehdit etti\u011fini vurgulad\u0131. Katar\u2019\u0131n Birle\u015fmi\u015f Milletler Daimi Temsilcisi B\u00fcy\u00fckel\u00e7i Alia Ahmed bin Saif, BM G\u00fcvenlik Konseyi\u2019nin uluslararas\u0131 bar\u0131\u015f ve g\u00fcvenli\u011fin g\u00fc\u00e7lendirilmesi konulu oturumunda yapt\u0131\u011f\u0131 a\u00e7\u0131klamada, Katar\u2019\u0131n &hellip;<\/p>\n","protected":false},"author":39,"featured_media":326356,"comment_status":"closed","ping_status":"closed","sticky":false,"template":"","format":"standard","meta":{"footnotes":""},"categories":[458,589,459,17988],"tags":[],"class_list":["post-326355","post","type-post","status-publish","format-standard","has-post-thumbnail","","category-dunya1","category-haber-seridi","category-haberler-arap-uluslararasi-politika","category-son-haberler"],"_links":{"self":[{"href":"https:\/\/archive.sana.sy\/tr\/index.php?rest_route=\/wp\/v2\/posts\/326355","targetHints":{"allow":["GET"]}}],"collection":[{"href":"https:\/\/archive.sana.sy\/tr\/index.php?rest_route=\/wp\/v2\/posts"}],"about":[{"href":"https:\/\/archive.sana.sy\/tr\/index.php?rest_route=\/wp\/v2\/types\/post"}],"author":[{"embeddable":true,"href":"https:\/\/archive.sana.sy\/tr\/index.php?rest_route=\/wp\/v2\/users\/39"}],"replies":[{"embeddable":true,"href":"https:\/\/archive.sana.sy\/tr\/index.php?rest_route=%2Fwp%2Fv2%2Fcomments&post=326355"}],"version-history":[{"count":1,"href":"https:\/\/archive.sana.sy\/tr\/index.php?rest_route=\/wp\/v2\/posts\/326355\/revisions"}],"predecessor-version":[{"id":326357,"href":"https:\/\/archive.sana.sy\/tr\/index.php?rest_route=\/wp\/v2\/posts\/326355\/revisions\/326357"}],"wp:featuredmedia":[{"embeddable":true,"href":"https:\/\/archive.sana.sy\/tr\/index.php?rest_route=\/wp\/v2\/media\/326356"}],"wp:attachment":[{"href":"https:\/\/archive.sana.sy\/tr\/index.php?rest_route=%2Fwp%2Fv2%2Fmedia&parent=326355"}],"wp:term":[{"taxonomy":"category","embeddable":true,"href":"https:\/\/archive.sana.sy\/tr\/index.php?rest_route=%2Fwp%2Fv2%2Fcategories&post=326355"},{"taxonomy":"post_tag","embeddable":true,"href":"https:\/\/archive.sana.sy\/tr\/index.php?rest_route=%2Fwp%2Fv2%2Ftags&post=326355"}],"curies":[{"name":"wp","href":"https:\/\/api.w.org\/{rel}","templated":true}]}}