{"id":326358,"date":"2025-07-24T11:21:36","date_gmt":"2025-07-24T08:21:36","guid":{"rendered":"https:\/\/sana.sy\/tr\/?p=326358"},"modified":"2025-07-24T11:48:47","modified_gmt":"2025-07-24T08:48:47","slug":"sana-muhabiri-sayin-cumhurbaskani-ahmed-el-saranin-katilimiyla-samdaki-halk-sarayinda-suriye-suudi-arabistan-yatirim-forumunun-calismalari-basladi","status":"publish","type":"post","link":"https:\/\/archive.sana.sy\/tr\/?p=326358","title":{"rendered":"SANA muhabiri: Say\u0131n Cumhurba\u015fkan\u0131 Ahmed El \u015eara&#8217;n\u0131n kat\u0131l\u0131m\u0131yla, \u015eam\u2019daki Halk Saray\u0131&#8217;nda Suriye-Suudi Arabistan Yat\u0131r\u0131m Forumu\u2019nun \u00e7al\u0131\u015fmalar\u0131 ba\u015flad\u0131."},"content":{"rendered":"","protected":false},"excerpt":{"rendered":"","protected":false},"author":39,"featured_media":0,"comment_status":"closed","ping_status":"closed","sticky":false,"template":"","format":"standard","meta":{"footnotes":""},"categories":[1],"tags":[],"class_list":["post-326358","post","type-post","status-publish","format-standard","","category-news-not-sorted"],"_links":{"self":[{"href":"https:\/\/archive.sana.sy\/tr\/index.php?rest_route=\/wp\/v2\/posts\/326358","targetHints":{"allow":["GET"]}}],"collection":[{"href":"https:\/\/archive.sana.sy\/tr\/index.php?rest_route=\/wp\/v2\/posts"}],"about":[{"href":"https:\/\/archive.sana.sy\/tr\/index.php?rest_route=\/wp\/v2\/types\/post"}],"author":[{"embeddable":true,"href":"https:\/\/archive.sana.sy\/tr\/index.php?rest_route=\/wp\/v2\/users\/39"}],"replies":[{"embeddable":true,"href":"https:\/\/archive.sana.sy\/tr\/index.php?rest_route=%2Fwp%2Fv2%2Fcomments&post=326358"}],"version-history":[{"count":1,"href":"https:\/\/archive.sana.sy\/tr\/index.php?rest_route=\/wp\/v2\/posts\/326358\/revisions"}],"predecessor-version":[{"id":326359,"href":"https:\/\/archive.sana.sy\/tr\/index.php?rest_route=\/wp\/v2\/posts\/326358\/revisions\/326359"}],"wp:attachment":[{"href":"https:\/\/archive.sana.sy\/tr\/index.php?rest_route=%2Fwp%2Fv2%2Fmedia&parent=326358"}],"wp:term":[{"taxonomy":"category","embeddable":true,"href":"https:\/\/archive.sana.sy\/tr\/index.php?rest_route=%2Fwp%2Fv2%2Fcategories&post=326358"},{"taxonomy":"post_tag","embeddable":true,"href":"https:\/\/archive.sana.sy\/tr\/index.php?rest_route=%2Fwp%2Fv2%2Ftags&post=326358"}],"curies":[{"name":"wp","href":"https:\/\/api.w.org\/{rel}","templated":true}]}}