{"id":326370,"date":"2025-07-24T12:07:05","date_gmt":"2025-07-24T09:07:05","guid":{"rendered":"https:\/\/sana.sy\/tr\/?p=326370"},"modified":"2025-07-24T12:10:54","modified_gmt":"2025-07-24T09:10:54","slug":"suudi-yatirim-bakani-suudi-arabistan-ve-suriye-ayni-siyasi-ekonomik-ve-sosyal-madalyonun-iki-yuzu-oldugundan-iliskilerimiz-zamanla-buyumeye-ve-gelismeye-devam-edecek","status":"publish","type":"post","link":"https:\/\/archive.sana.sy\/tr\/?p=326370","title":{"rendered":"Suudi Yat\u0131r\u0131m Bakan\u0131: Suudi Arabistan ve Suriye ayn\u0131 siyasi, ekonomik ve sosyal madalyonun iki y\u00fcz\u00fc oldu\u011fundan, ili\u015fkilerimiz zamanla b\u00fcy\u00fcmeye ve geli\u015fmeye devam edecek."},"content":{"rendered":"","protected":false},"excerpt":{"rendered":"","protected":false},"author":39,"featured_media":0,"comment_status":"closed","ping_status":"closed","sticky":false,"template":"","format":"standard","meta":{"footnotes":""},"categories":[1],"tags":[],"class_list":["post-326370","post","type-post","status-publish","format-standard","","category-news-not-sorted"],"_links":{"self":[{"href":"https:\/\/archive.sana.sy\/tr\/index.php?rest_route=\/wp\/v2\/posts\/326370","targetHints":{"allow":["GET"]}}],"collection":[{"href":"https:\/\/archive.sana.sy\/tr\/index.php?rest_route=\/wp\/v2\/posts"}],"about":[{"href":"https:\/\/archive.sana.sy\/tr\/index.php?rest_route=\/wp\/v2\/types\/post"}],"author":[{"embeddable":true,"href":"https:\/\/archive.sana.sy\/tr\/index.php?rest_route=\/wp\/v2\/users\/39"}],"replies":[{"embeddable":true,"href":"https:\/\/archive.sana.sy\/tr\/index.php?rest_route=%2Fwp%2Fv2%2Fcomments&post=326370"}],"version-history":[{"count":1,"href":"https:\/\/archive.sana.sy\/tr\/index.php?rest_route=\/wp\/v2\/posts\/326370\/revisions"}],"predecessor-version":[{"id":326371,"href":"https:\/\/archive.sana.sy\/tr\/index.php?rest_route=\/wp\/v2\/posts\/326370\/revisions\/326371"}],"wp:attachment":[{"href":"https:\/\/archive.sana.sy\/tr\/index.php?rest_route=%2Fwp%2Fv2%2Fmedia&parent=326370"}],"wp:term":[{"taxonomy":"category","embeddable":true,"href":"https:\/\/archive.sana.sy\/tr\/index.php?rest_route=%2Fwp%2Fv2%2Fcategories&post=326370"},{"taxonomy":"post_tag","embeddable":true,"href":"https:\/\/archive.sana.sy\/tr\/index.php?rest_route=%2Fwp%2Fv2%2Ftags&post=326370"}],"curies":[{"name":"wp","href":"https:\/\/api.w.org\/{rel}","templated":true}]}}