{"id":326385,"date":"2025-07-24T13:15:54","date_gmt":"2025-07-24T10:15:54","guid":{"rendered":"https:\/\/sana.sy\/tr\/?p=326385"},"modified":"2025-07-26T15:38:44","modified_gmt":"2025-07-26T12:38:44","slug":"suriye-suudi-arabistan-yatirim-forumu-samda-halk-sarayinda-basladi","status":"publish","type":"post","link":"https:\/\/archive.sana.sy\/tr\/?p=326385","title":{"rendered":"Suriye-Suudi Arabistan Yat\u0131r\u0131m Forumu \u015eam\u2019da Halk Saray\u0131\u2019nda Ba\u015flad\u0131"},"content":{"rendered":"<p style=\"text-align: justify;\"><span style=\"color: #ff0000;\"><strong>\u015eAM (SANA) &#8211;<\/strong><\/span> Say\u0131n Cumhurba\u015fkan\u0131 Ahmed El \u015eara\u2019n\u0131n kat\u0131l\u0131m\u0131yla, \u015eam\u2019daki Halk Saray\u0131\u2019nda Suriye-Suudi Arabistan Yat\u0131r\u0131m Forumu\u2019nun \u00e7al\u0131\u015fmalar\u0131 ba\u015flad\u0131.<\/p>\n<p style=\"text-align: justify;\"><img loading=\"lazy\" decoding=\"async\" class=\"size-medium wp-image-326394 alignright\" src=\"http:\/\/sana.sy\/tr\/wp-content\/uploads\/2025\/07\/5-14-768x390-1-300x152.jpg\" alt=\"\" width=\"300\" height=\"152\" srcset=\"https:\/\/archive.sana.sy\/tr\/wp-content\/uploads\/2025\/07\/5-14-768x390-1-300x152.jpg 300w, https:\/\/archive.sana.sy\/tr\/wp-content\/uploads\/2025\/07\/5-14-768x390-1.jpg 768w\" sizes=\"auto, (max-width: 300px) 100vw, 300px\" \/>Suriye Ekonomi ve Sanayi Bakan\u0131 Muhammed Nidal \u015eaar, forumda yapt\u0131\u011f\u0131 konu\u015fmada, \u201cForum, iki karde\u015f \u00fclke aras\u0131ndaki ili\u015fkilerde tarihi bir d\u00f6n\u00fcm noktas\u0131d\u0131r. Aram\u0131zdaki karde\u015flik ba\u011flar\u0131 ve kader birli\u011fi, halklar\u0131m\u0131z\u0131n \u00e7\u0131karlar\u0131na hizmet eden sa\u011flam stratejik ortakl\u0131klar\u0131n temelini olu\u015fturuyor.\u201d dedi.<\/p>\n<p style=\"text-align: justify;\">Ekonomi Bakan\u0131 ayr\u0131ca, \u201cSuriye ger\u00e7ek bir b\u00fcy\u00fcme ve refah y\u00f6n\u00fcnde hareket ediyor. Bu forumun ba\u015far\u0131s\u0131 i\u00e7in her t\u00fcrl\u00fc deste\u011fi sa\u011flamaya tam ba\u011fl\u0131y\u0131z ve bunun hem Suriyeli hem de Suudi halklar i\u00e7in hay\u0131rl\u0131 sonu\u00e7lar do\u011furaca\u011f\u0131n\u0131 teyit ediyoruz.\u201d ifadelerini kulland\u0131.<\/p>\n<p style=\"text-align: justify;\">Suudi Yat\u0131r\u0131m Bakan\u0131 Halid bin Abd\u00fclaziz El Falih, b\u00fcy\u00fck Suudi heyeti ad\u0131na yapt\u0131\u011f\u0131 konu\u015fmada, Suriye\u2019ye ve halk\u0131na g\u00f6sterilen samimi misafirperverlik, sevgi ve c\u00f6mertlik i\u00e7in i\u00e7ten te\u015fekk\u00fcrlerini iletti. Ayr\u0131ca, Kral ve Veliaht Prens\u2019in selamlar\u0131n\u0131 Suriye ve sevgili halk\u0131na ilettiklerini, Suudi Arabistan\u2019\u0131n karde\u015f Suriye\u2019nin b\u00fcy\u00fcme, refah ve s\u00fcrd\u00fcr\u00fclebilir kalk\u0131nma yolundaki kararl\u0131 ve destekleyici duru\u015funu teyit ettiklerini belirtti.<\/p>\n<p style=\"text-align: justify;\">Bakan El Falih, \u201cBu forumda yeni k\u00f6pr\u00fcler kurmaya \u00e7al\u0131\u015fm\u0131yoruz \u00e7\u00fcnk\u00fc Arap Yar\u0131madas\u0131 ile Levant b\u00f6lgesi uzun zamand\u0131r yak\u0131n sosyal, ekonomik ve k\u00fclt\u00fcrel ba\u011flarla birbirine ba\u011fl\u0131d\u0131r. Suudi Arabistan ve Suriye, siyasi, ekonomik ve sosyal a\u00e7\u0131dan ayn\u0131 madalyonun iki y\u00fcz\u00fcd\u00fcr. \u0130li\u015fkilerimiz zamanla geli\u015fmeye devam edecektir.\u201d dedi.<\/p>\n<p style=\"text-align: justify;\">Suudi Bakan, ekonomik ve yat\u0131r\u0131m alanlar\u0131nda ili\u015fkilerin g\u00fc\u00e7lendirilmesine vurgu yaparak, forumda 20\u2019den fazla devlet kurumu ile 100\u2019den fazla \u00f6zel sekt\u00f6r \u015firketinin yer ald\u0131\u011f\u0131n\u0131 belirtti. Ayr\u0131ca enerji, gayrimenkul, sanayi, altyap\u0131, finans, sa\u011fl\u0131k, tar\u0131m, ileti\u015fim, bilgi teknolojileri, m\u00fcteahhitlik, e\u011fitim ve di\u011fer sekt\u00f6rlerde \u00f6nemli yat\u0131r\u0131mlar yap\u0131laca\u011f\u0131n\u0131 kaydetti.<\/p>\n<p style=\"text-align: justify;\">Suudi Yat\u0131r\u0131m Bakan\u0131 \u015f\u00f6yle dedi: &#8220;Suriye\u2019de enerji, gayrimenkul, sanayi, altyap\u0131, finansal hizmetler, sa\u011fl\u0131k, tar\u0131m, ileti\u015fim ve bili\u015fim teknolojileri, in\u015faat, e\u011fitim ve di\u011fer t\u00fcm alanlar\u0131 kapsayan \u00f6nemli yat\u0131r\u0131mlar yap\u0131lacak. Ayr\u0131ca, bu forumda toplam de\u011feri yakla\u015f\u0131k 24 milyar Suudi Riyali olan 47 anla\u015fma ve mutabakat zapt\u0131 imzalanacak.&#8221;<\/p>\n<p style=\"text-align: justify;\">Suudi Yat\u0131r\u0131m Bakan\u0131 ekledi: &#8220;Forumun d\u00fczenlenmesi, Suudi ve Suriye \u00f6zel sekt\u00f6rlerinin iki \u00fclke aras\u0131ndaki ortak kalk\u0131nma hedeflerini ger\u00e7ekle\u015ftirmede ana ortak oldu\u011fu inanc\u0131m\u0131z\u0131 yans\u0131t\u0131yor ve uluslararas\u0131 yat\u0131r\u0131mc\u0131lar\u0131 Suriye\u2019deki yat\u0131r\u0131m f\u0131rsatlar\u0131n\u0131 ke\u015ffetmeye te\u015fvik edece\u011fiz.&#8221;<\/p>\n<p style=\"text-align: justify;\">El Falih, altyap\u0131 sekt\u00f6r\u00fcnde forum kapsam\u0131nda 11 milyar Suudi Riyali\u2019ni a\u015fan anla\u015fmalar imzalanaca\u011f\u0131n\u0131 ve bunlar aras\u0131nda 3 yeni \u00e7imento fabrikas\u0131n\u0131n kurulmas\u0131n\u0131n da yer ald\u0131\u011f\u0131n\u0131 bildirdi. Ayr\u0131ca, Suudi Arabistan\u2019daki 2.600\u2019den fazla Suriyeli giri\u015fimcinin olumlu ve etkili rol\u00fcn\u00fc takdir etti.<\/p>\n<p style=\"text-align: justify;\">\u0130leti\u015fim ve bili\u015fim teknolojileri sekt\u00f6r\u00fcnde Suudi Yat\u0131r\u0131m Bakan\u0131, forumda Suriye Posta ve Telekom\u00fcnikasyon Bakanl\u0131\u011f\u0131 ile baz\u0131 Suudi telekom\u00fcnikasyon \u015firketleri aras\u0131nda altyap\u0131n\u0131n geli\u015ftirilmesi ve siber g\u00fcvenlik kapasitelerinin art\u0131r\u0131lmas\u0131 amac\u0131yla i\u015f birli\u011finin ba\u015flayaca\u011f\u0131n\u0131 ve bu alandaki anla\u015fmalar\u0131n de\u011ferinin 4 milyar Suudi Riyali oldu\u011funu belirtti.<\/p>\n<p><img loading=\"lazy\" decoding=\"async\" class=\"size-medium wp-image-326396 alignright\" src=\"http:\/\/sana.sy\/tr\/wp-content\/uploads\/2025\/07\/44-3-768x432-2-300x169.jpg\" alt=\"\" width=\"300\" height=\"169\" srcset=\"https:\/\/archive.sana.sy\/tr\/wp-content\/uploads\/2025\/07\/44-3-768x432-2-300x169.jpg 300w, https:\/\/archive.sana.sy\/tr\/wp-content\/uploads\/2025\/07\/44-3-768x432-2.jpg 768w\" sizes=\"auto, (max-width: 300px) 100vw, 300px\" \/>Yat\u0131r\u0131m Bakan\u0131, forumun d\u00fczenlenmesinin Suudi ve Suriye \u00f6zel sekt\u00f6rlerinin iki \u00fclke aras\u0131ndaki ortak kalk\u0131nma hedeflerini ger\u00e7ekle\u015ftirmedeki ana ortaklar oldu\u011fu inanc\u0131n\u0131 somutla\u015ft\u0131rd\u0131\u011f\u0131n\u0131 ve uluslararas\u0131 yat\u0131r\u0131mc\u0131lar\u0131n Suriye\u2019deki yat\u0131r\u0131m f\u0131rsatlar\u0131n\u0131 ke\u015ffetmeye te\u015fvik edilece\u011fini vurgulad\u0131.<\/p>\n<p style=\"text-align: justify;\">Altyap\u0131 sekt\u00f6r\u00fcnde, forum s\u0131ras\u0131nda 11 milyar Suudi Riyali\u2019ni a\u015fan anla\u015fmalar imzalanaca\u011f\u0131n\u0131 ve bunlar\u0131n aras\u0131nda 3 yeni \u00e7imento fabrikas\u0131n\u0131n kurulmas\u0131n\u0131n yer ald\u0131\u011f\u0131n\u0131 kaydeden bakan, Suudi Arabistan\u2019daki 2600\u2019den fazla Suriyeli giri\u015fimcinin olumlu ve etkili rol\u00fcne de \u00f6vg\u00fcde bulundu.<\/p>\n<p style=\"text-align: justify;\">\u0130leti\u015fim ve bili\u015fim teknolojileri alan\u0131nda, forumda Suriye Posta ve Telekom\u00fcnikasyon Bakanl\u0131\u011f\u0131 ile baz\u0131 Suudi telekom\u00fcnikasyon \u015firketleri aras\u0131nda altyap\u0131n\u0131n geli\u015ftirilmesi ve siber g\u00fcvenlik kapasitelerinin art\u0131r\u0131lmas\u0131 amac\u0131yla i\u015f birli\u011fi ba\u015flat\u0131laca\u011f\u0131n\u0131 belirten bakan, bu alandaki anla\u015fmalar\u0131n de\u011ferinin 4 milyar Suudi Riyali civar\u0131nda oldu\u011funu ifade etti.<\/p>\n<p style=\"text-align: justify;\">Tar\u0131m sekt\u00f6r\u00fcne ili\u015fkin olarak ise bakan, Suriye\u2019de model \u00e7iftlikler ve i\u015flenmi\u015f \u00fcr\u00fcnler gibi nitelikli ortak projelerin geli\u015ftirilmesi hedeflendi\u011fini a\u00e7\u0131klayarak, finansal hizmetler ve finansman sekt\u00f6r\u00fcnde, Suudi Tadavul Grubu ile \u015eam Menkul K\u0131ymetler Borsas\u0131 aras\u0131nda finansal teknolojiler alan\u0131nda i\u015f birli\u011fini g\u00fc\u00e7lendirecek bir mutabakat zapt\u0131 imzalanaca\u011f\u0131n\u0131 ekledi.<\/p>\n<p style=\"text-align: justify;\">Yat\u0131r\u0131m Bakan\u0131, Suriye h\u00fck\u00fcmetinin yat\u0131r\u0131m iklimini iyile\u015ftirmek ve yat\u0131r\u0131m s\u00fcre\u00e7lerini kolayla\u015ft\u0131rmak i\u00e7in att\u0131\u011f\u0131 cesur, olumlu ve kararl\u0131 ad\u0131mlar\u0131 \u00f6verek, Suudi \u201cBayt El \u0130baa\u201d \u015firketinin Humus\u2019ta sosyal destek amac\u0131yla gelirleri kullan\u0131lacak prestijli bir konut ve ticaret projesi i\u00e7in milyar riyalli bir anla\u015fma imzalayaca\u011f\u0131n\u0131 duyurdu.<\/p>\n<p>Bakan, Suudi Arabistan\u2019\u0131n Suriye ile ekonomik ili\u015fkilerine verdi\u011fi \u00f6nemi yans\u0131tan bir ad\u0131m olarak Veliaht Prens Muhammed bin Selman\u2019\u0131n y\u00fcksek seviyeden \u00fcst d\u00fczey i\u015f insanlar\u0131n\u0131n \u00fcyeli\u011finde bir Suudi-Suriye \u0130\u015f Konseyi kurulmas\u0131n\u0131 h\u0131zland\u0131rd\u0131\u011f\u0131n\u0131 belirtti.<\/p>\n","protected":false},"excerpt":{"rendered":"<p>\u015eAM (SANA) &#8211; Say\u0131n Cumhurba\u015fkan\u0131 Ahmed El \u015eara\u2019n\u0131n kat\u0131l\u0131m\u0131yla, \u015eam\u2019daki Halk Saray\u0131\u2019nda Suriye-Suudi Arabistan Yat\u0131r\u0131m Forumu\u2019nun \u00e7al\u0131\u015fmalar\u0131 ba\u015flad\u0131. Suriye Ekonomi ve Sanayi Bakan\u0131 Muhammed Nidal \u015eaar, forumda yapt\u0131\u011f\u0131 konu\u015fmada, \u201cForum, iki karde\u015f \u00fclke aras\u0131ndaki ili\u015fkilerde tarihi bir d\u00f6n\u00fcm noktas\u0131d\u0131r. Aram\u0131zdaki karde\u015flik ba\u011flar\u0131 ve kader birli\u011fi, halklar\u0131m\u0131z\u0131n \u00e7\u0131karlar\u0131na hizmet eden sa\u011flam stratejik ortakl\u0131klar\u0131n temelini olu\u015fturuyor.\u201d dedi. &hellip;<\/p>\n","protected":false},"author":39,"featured_media":326386,"comment_status":"closed","ping_status":"closed","sticky":false,"template":"","format":"standard","meta":{"footnotes":""},"categories":[485,589,486,479,17988,478],"tags":[],"class_list":["post-326385","post","type-post","status-publish","format-standard","has-post-thumbnail","","category-is-ve-sermaye","category-haber-seridi","category-haberler-is-ve-sermaye","category-haberler-yerel","category-son-haberler","category-yerel"],"_links":{"self":[{"href":"https:\/\/archive.sana.sy\/tr\/index.php?rest_route=\/wp\/v2\/posts\/326385","targetHints":{"allow":["GET"]}}],"collection":[{"href":"https:\/\/archive.sana.sy\/tr\/index.php?rest_route=\/wp\/v2\/posts"}],"about":[{"href":"https:\/\/archive.sana.sy\/tr\/index.php?rest_route=\/wp\/v2\/types\/post"}],"author":[{"embeddable":true,"href":"https:\/\/archive.sana.sy\/tr\/index.php?rest_route=\/wp\/v2\/users\/39"}],"replies":[{"embeddable":true,"href":"https:\/\/archive.sana.sy\/tr\/index.php?rest_route=%2Fwp%2Fv2%2Fcomments&post=326385"}],"version-history":[{"count":14,"href":"https:\/\/archive.sana.sy\/tr\/index.php?rest_route=\/wp\/v2\/posts\/326385\/revisions"}],"predecessor-version":[{"id":326419,"href":"https:\/\/archive.sana.sy\/tr\/index.php?rest_route=\/wp\/v2\/posts\/326385\/revisions\/326419"}],"wp:featuredmedia":[{"embeddable":true,"href":"https:\/\/archive.sana.sy\/tr\/index.php?rest_route=\/wp\/v2\/media\/326386"}],"wp:attachment":[{"href":"https:\/\/archive.sana.sy\/tr\/index.php?rest_route=%2Fwp%2Fv2%2Fmedia&parent=326385"}],"wp:term":[{"taxonomy":"category","embeddable":true,"href":"https:\/\/archive.sana.sy\/tr\/index.php?rest_route=%2Fwp%2Fv2%2Fcategories&post=326385"},{"taxonomy":"post_tag","embeddable":true,"href":"https:\/\/archive.sana.sy\/tr\/index.php?rest_route=%2Fwp%2Fv2%2Ftags&post=326385"}],"curies":[{"name":"wp","href":"https:\/\/api.w.org\/{rel}","templated":true}]}}