{"id":326402,"date":"2025-07-24T15:22:01","date_gmt":"2025-07-24T12:22:01","guid":{"rendered":"https:\/\/sana.sy\/tr\/?p=326402"},"modified":"2025-07-24T15:22:01","modified_gmt":"2025-07-24T12:22:01","slug":"ab-suveydadaki-ateskese-ve-suriyenin-egemenligine-saygi-gosterilmesi-cagrisinda-bulundu","status":"publish","type":"post","link":"https:\/\/archive.sana.sy\/tr\/?p=326402","title":{"rendered":"AB, S\u00fcveyda&#8217;daki Ate\u015fkese Ve Suriye&#8217;nin Egemenli\u011fine Sayg\u0131 G\u00f6sterilmesi \u00c7a\u011fr\u0131s\u0131nda Bulundu"},"content":{"rendered":"<p style=\"text-align: justify;\"><span style=\"color: #800000;\"><strong>BR\u00dcKSEL (SANA) <\/strong><strong>&#8211;<\/strong><\/span> Avrupa Birli\u011fi, S\u00fcveyda\u2019daki ate\u015fkes anla\u015fmas\u0131na sayg\u0131 g\u00f6sterilmesini ve etnik veya dini k\u00f6kenlerinden ba\u011f\u0131ms\u0131z olarak sivillerin g\u00fcvenli\u011finin sa\u011flanmas\u0131n\u0131, dini yerler de dahil olmak \u00fczere sivil altyap\u0131n\u0131n korunmas\u0131n\u0131 ve herhangi bir k\u0131\u015fk\u0131rt\u0131c\u0131 ya da mezhep\u00e7i s\u00f6ylemin engellenmesi i\u00e7in derhal ad\u0131mlar at\u0131lmas\u0131n\u0131 talep etti.<\/p>\n<p style=\"text-align: justify;\">Avrupa Birli\u011fi D\u0131\u015fi\u015fleri ve G\u00fcvenlik Politikas\u0131 Y\u00fcksek Temsilcisi\u2019nin bug\u00fcn Birlik Konseyi ad\u0131na yay\u0131mlad\u0131\u011f\u0131 ve resmi web sitesinde yay\u0131nlanan a\u00e7\u0131klamada \u015fu ifadelere yer verildi: \u201cAvrupa Birli\u011fi, t\u00fcm d\u0131\u015f taraflar\u0131, istisnas\u0131z olarak, Suriye\u2019nin birli\u011fine, ba\u011f\u0131ms\u0131zl\u0131\u011f\u0131na, egemenli\u011fine ve toprak b\u00fct\u00fcnl\u00fc\u011f\u00fcne tam sayg\u0131 g\u00f6stermeye \u00e7a\u011f\u0131r\u0131yor; tek tarafl\u0131 yabanc\u0131 askeri varl\u0131klar\u0131 ve Suriye\u2019nin istikrar\u0131n\u0131 ve bar\u0131\u015f\u00e7\u0131l ge\u00e7i\u015f perspektiflerini baltalamaya y\u00f6nelik her t\u00fcrl\u00fc giri\u015fimi, bilgi manip\u00fclasyonlar\u0131 ve yabanc\u0131 m\u00fcdahaleler de dahil olmak \u00fczere, k\u0131n\u0131yor.\u201d<\/p>\n<p style=\"text-align: justify;\">Avrupa Birli\u011fi, ayr\u0131ca,\u201cGe\u00e7en hafta G\u00fcney Suriye\u2019de y\u00fczlerce can kayb\u0131na yol a\u00e7an \u015fiddet olaylar\u0131n\u0131 k\u0131nad\u0131\u011f\u0131n\u0131\u201d belirterek, \u201c\u015feffaf ve g\u00fcvenilir bir soru\u015fturma y\u00fcr\u00fct\u00fclmesi ve t\u00fcm ihlal faillerinin hesap vermesi\u201d \u00e7a\u011fr\u0131s\u0131nda bulundu.<\/p>\n<p style=\"text-align: justify;\">Avrupa Birli\u011fi, acil durum devam eden G\u00fcney Suriye\u2019ye gerekli insani yard\u0131mlar\u0131n ula\u015ft\u0131r\u0131lmas\u0131 i\u00e7in ortaklar\u0131na \u00e7a\u011fr\u0131da bulunurken, t\u00fcm taraflar\u0131 insani yard\u0131mlar\u0131n acil ve g\u00fcvenli eri\u015fimini sa\u011flamak ve insani \u00e7al\u0131\u015fanlar\u0131n korunmas\u0131 i\u00e7in sorumluluk almaya davet etti.<\/p>\n","protected":false},"excerpt":{"rendered":"<p>BR\u00dcKSEL (SANA) &#8211; Avrupa Birli\u011fi, S\u00fcveyda\u2019daki ate\u015fkes anla\u015fmas\u0131na sayg\u0131 g\u00f6sterilmesini ve etnik veya dini k\u00f6kenlerinden ba\u011f\u0131ms\u0131z olarak sivillerin g\u00fcvenli\u011finin sa\u011flanmas\u0131n\u0131, dini yerler de dahil olmak \u00fczere sivil altyap\u0131n\u0131n korunmas\u0131n\u0131 ve herhangi bir k\u0131\u015fk\u0131rt\u0131c\u0131 ya da mezhep\u00e7i s\u00f6ylemin engellenmesi i\u00e7in derhal ad\u0131mlar at\u0131lmas\u0131n\u0131 talep etti. Avrupa Birli\u011fi D\u0131\u015fi\u015fleri ve G\u00fcvenlik Politikas\u0131 Y\u00fcksek Temsilcisi\u2019nin bug\u00fcn Birlik Konseyi &hellip;<\/p>\n","protected":false},"author":44,"featured_media":326403,"comment_status":"closed","ping_status":"closed","sticky":false,"template":"","format":"standard","meta":{"footnotes":""},"categories":[458,589,459,17988],"tags":[8105,44092],"class_list":["post-326402","post","type-post","status-publish","format-standard","has-post-thumbnail","","category-dunya1","category-haber-seridi","category-haberler-arap-uluslararasi-politika","category-son-haberler","tag-ab","tag-suveydadaki-ateskese-ve-suriyenin-egemenligine-saygi-gosterilmesi-cagrisinda-bulundu"],"_links":{"self":[{"href":"https:\/\/archive.sana.sy\/tr\/index.php?rest_route=\/wp\/v2\/posts\/326402","targetHints":{"allow":["GET"]}}],"collection":[{"href":"https:\/\/archive.sana.sy\/tr\/index.php?rest_route=\/wp\/v2\/posts"}],"about":[{"href":"https:\/\/archive.sana.sy\/tr\/index.php?rest_route=\/wp\/v2\/types\/post"}],"author":[{"embeddable":true,"href":"https:\/\/archive.sana.sy\/tr\/index.php?rest_route=\/wp\/v2\/users\/44"}],"replies":[{"embeddable":true,"href":"https:\/\/archive.sana.sy\/tr\/index.php?rest_route=%2Fwp%2Fv2%2Fcomments&post=326402"}],"version-history":[{"count":1,"href":"https:\/\/archive.sana.sy\/tr\/index.php?rest_route=\/wp\/v2\/posts\/326402\/revisions"}],"predecessor-version":[{"id":326404,"href":"https:\/\/archive.sana.sy\/tr\/index.php?rest_route=\/wp\/v2\/posts\/326402\/revisions\/326404"}],"wp:featuredmedia":[{"embeddable":true,"href":"https:\/\/archive.sana.sy\/tr\/index.php?rest_route=\/wp\/v2\/media\/326403"}],"wp:attachment":[{"href":"https:\/\/archive.sana.sy\/tr\/index.php?rest_route=%2Fwp%2Fv2%2Fmedia&parent=326402"}],"wp:term":[{"taxonomy":"category","embeddable":true,"href":"https:\/\/archive.sana.sy\/tr\/index.php?rest_route=%2Fwp%2Fv2%2Fcategories&post=326402"},{"taxonomy":"post_tag","embeddable":true,"href":"https:\/\/archive.sana.sy\/tr\/index.php?rest_route=%2Fwp%2Fv2%2Ftags&post=326402"}],"curies":[{"name":"wp","href":"https:\/\/api.w.org\/{rel}","templated":true}]}}